{"id":16366,"date":"2025-05-14T13:53:09","date_gmt":"2025-05-14T18:53:09","guid":{"rendered":"https:\/\/www.radiointeractivo.com.mx\/?p=16366"},"modified":"2025-05-14T13:53:10","modified_gmt":"2025-05-14T18:53:10","slug":"se-suma-cfe-a-crecimiento-de-nuevo-laredo-con-inversion-en-infraestructura-al-sur-de-la-ciudad","status":"publish","type":"post","link":"https:\/\/www.radiointeractivo.com.mx\/?p=16366","title":{"rendered":"SE SUMA CFE A CRECIMIENTO DE NUEVO LAREDO CON INVERSI\u00d3N EN INFRAESTRUCTURA AL SUR DE LA CIUDAD"},"content":{"rendered":"\n<figure class=\"wp-block-image size-large\"><img loading=\"lazy\" decoding=\"async\" width=\"1024\" height=\"684\" src=\"https:\/\/www.radiointeractivo.com.mx\/wp-content\/uploads\/2025\/05\/WhatsApp-Image-2025-05-14-at-9.13.26-AM-1024x684.jpeg\" alt=\"\" class=\"wp-image-16367\" srcset=\"https:\/\/www.radiointeractivo.com.mx\/wp-content\/uploads\/2025\/05\/WhatsApp-Image-2025-05-14-at-9.13.26-AM-1024x684.jpeg 1024w, https:\/\/www.radiointeractivo.com.mx\/wp-content\/uploads\/2025\/05\/WhatsApp-Image-2025-05-14-at-9.13.26-AM-300x200.jpeg 300w, https:\/\/www.radiointeractivo.com.mx\/wp-content\/uploads\/2025\/05\/WhatsApp-Image-2025-05-14-at-9.13.26-AM-768x513.jpeg 768w, https:\/\/www.radiointeractivo.com.mx\/wp-content\/uploads\/2025\/05\/WhatsApp-Image-2025-05-14-at-9.13.26-AM-1536x1026.jpeg 1536w, https:\/\/www.radiointeractivo.com.mx\/wp-content\/uploads\/2025\/05\/WhatsApp-Image-2025-05-14-at-9.13.26-AM.jpeg 1600w\" sizes=\"auto, (max-width: 1024px) 100vw, 1024px\" \/><\/figure>\n\n\n\n<p>Por: Staff | #NuevoLaredo #Laredo #NLD #Tamaulipas<\/p>\n\n\n\n<p>En una muestra del compromiso por seguir impulsando el desarrollo ordenado y sostenido del sur de Nuevo Laredo, la alcaldesa Carmen Lilia Canturosas Villarreal sostuvo una reuni\u00f3n de trabajo con personal directivo de la Comisi\u00f3n Federal de Electricidad (CFE), en la que se dio a conocer una importante inversi\u00f3n en la ciudad.<\/p>\n\n\n\n<p>Durante el encuentro, se inform\u00f3 que la CFE proyecta una inversi\u00f3n superior a los 100 millones de pesos para la instalaci\u00f3n de una subestaci\u00f3n de potencia, una obra clave para fortalecer la infraestructura el\u00e9ctrica de la ciudad y detonar el crecimiento urbano, industrial y comercial en una de las zonas con mayor proyecci\u00f3n de desarrollo.<\/p>\n\n\n\n<p>\u201cEsta importante inversi\u00f3n de la Comisi\u00f3n Federal de Electricidad es reflejo de la buena sinergia que hemos construido con los tres niveles de gobierno para impulsar el crecimiento de Nuevo Laredo. Hoy m\u00e1s que nunca, trabajamos en unidad para consolidar proyectos estrat\u00e9gicos que fortalecen nuestra infraestructura, generan desarrollo y abonan al buen momento que vive nuestra ciudad\u201d, afirm\u00f3 la alcaldesa.<\/p>\n\n\n\n<p>Destac\u00f3 que esta inversi\u00f3n, adem\u00e1s de representar un gran avance en la infraestructura de la ciudad, genera un impacto positivo en desarrollo econ\u00f3mico y social, adem\u00e1s que se confirma el buen momento de progreso que atraviesa Nuevo Laredo.<\/p>\n\n\n\n<p>Agreg\u00f3 que a trav\u00e9s de las secretar\u00edas de Servicios P\u00fablicos Primarios y de Obras P\u00fablicas, se brindar\u00e1 el apoyo necesario para que se consolide esta importante obra con la se mejorar\u00e1 el servicio de electricidad a la comunidad.<\/p>\n\n\n\n<p>Canturosas Villarreal agradeci\u00f3 la disposici\u00f3n y apertura del Ing. Edelmiro Garza Rodr\u00edguez, Superintendente de Zona; Ing. Manuel Alberto Ochoa Pantoja, Jefe de Departamento Planeaci\u00f3n\u2013Construcci\u00f3n; Ing. Mart\u00edn Eleazar Flores Garc\u00eda, Jefe de Oficina de Subestaciones y L\u00edneas de Subtransmisi\u00f3n; y del Lic. Jorge Orlando Brizuela S\u00e1nchez de Tagle, Abogado de Zona, por su colaboraci\u00f3n en este relevante proyecto para Nuevo Laredo.<\/p>\n\n\n\n<p>Con este tipo de alianzas, el Gobierno Municipal se convierte en un facilitador del desarrollo e impulsor de la modernizaci\u00f3n de la infraestructura que la ciudad necesita.<\/p>\n","protected":false},"excerpt":{"rendered":"<p>Por: Staff | #NuevoLaredo #Laredo #NLD #Tamaulipas En una muestra del compromiso por seguir impulsando el desarrollo ordenado y sostenido del sur de Nuevo Laredo, la alcaldesa Carmen Lilia Canturosas Villarreal sostuvo una reuni\u00f3n de trabajo con personal directivo de la Comisi\u00f3n Federal de Electricidad (CFE), en la que se dio a conocer una importante &hellip;<\/p>\n","protected":false},"author":1,"featured_media":16367,"comment_status":"open","ping_status":"open","sticky":false,"template":"","format":"standard","meta":{"footnotes":""},"categories":[38],"tags":[],"class_list":["post-16366","post","type-post","status-publish","format-standard","has-post-thumbnail","","category-nuevo-laredo"],"_links":{"self":[{"href":"https:\/\/www.radiointeractivo.com.mx\/index.php?rest_route=\/wp\/v2\/posts\/16366","targetHints":{"allow":["GET"]}}],"collection":[{"href":"https:\/\/www.radiointeractivo.com.mx\/index.php?rest_route=\/wp\/v2\/posts"}],"about":[{"href":"https:\/\/www.radiointeractivo.com.mx\/index.php?rest_route=\/wp\/v2\/types\/post"}],"author":[{"embeddable":true,"href":"https:\/\/www.radiointeractivo.com.mx\/index.php?rest_route=\/wp\/v2\/users\/1"}],"replies":[{"embeddable":true,"href":"https:\/\/www.radiointeractivo.com.mx\/index.php?rest_route=%2Fwp%2Fv2%2Fcomments&post=16366"}],"version-history":[{"count":1,"href":"https:\/\/www.radiointeractivo.com.mx\/index.php?rest_route=\/wp\/v2\/posts\/16366\/revisions"}],"predecessor-version":[{"id":16368,"href":"https:\/\/www.radiointeractivo.com.mx\/index.php?rest_route=\/wp\/v2\/posts\/16366\/revisions\/16368"}],"wp:featuredmedia":[{"embeddable":true,"href":"https:\/\/www.radiointeractivo.com.mx\/index.php?rest_route=\/wp\/v2\/media\/16367"}],"wp:attachment":[{"href":"https:\/\/www.radiointeractivo.com.mx\/index.php?rest_route=%2Fwp%2Fv2%2Fmedia&parent=16366"}],"wp:term":[{"taxonomy":"category","embeddable":true,"href":"https:\/\/www.radiointeractivo.com.mx\/index.php?rest_route=%2Fwp%2Fv2%2Fcategories&post=16366"},{"taxonomy":"post_tag","embeddable":true,"href":"https:\/\/www.radiointeractivo.com.mx\/index.php?rest_route=%2Fwp%2Fv2%2Ftags&post=16366"}],"curies":[{"name":"wp","href":"https:\/\/api.w.org\/{rel}","templated":true}]}}