{"id":16358,"date":"2025-05-13T16:21:15","date_gmt":"2025-05-13T21:21:15","guid":{"rendered":"https:\/\/www.radiointeractivo.com.mx\/?p=16358"},"modified":"2025-05-13T16:21:17","modified_gmt":"2025-05-13T21:21:17","slug":"todo-listo-para-la-feria-del-empleo-municipal-con-mas-de-80-empresas-participantes","status":"publish","type":"post","link":"https:\/\/www.radiointeractivo.com.mx\/?p=16358","title":{"rendered":"TODO LISTO PARA LA FERIA DEL EMPLEO MUNICIPAL CON M\u00c1S DE 80 EMPRESAS PARTICIPANTES"},"content":{"rendered":"\n<figure class=\"wp-block-image size-large\"><img loading=\"lazy\" decoding=\"async\" width=\"1024\" height=\"684\" src=\"https:\/\/www.radiointeractivo.com.mx\/wp-content\/uploads\/2025\/05\/WhatsApp-Image-2025-05-13-at-11.25.00-AM-1024x684.jpeg\" alt=\"\" class=\"wp-image-16359\" srcset=\"https:\/\/www.radiointeractivo.com.mx\/wp-content\/uploads\/2025\/05\/WhatsApp-Image-2025-05-13-at-11.25.00-AM-1024x684.jpeg 1024w, https:\/\/www.radiointeractivo.com.mx\/wp-content\/uploads\/2025\/05\/WhatsApp-Image-2025-05-13-at-11.25.00-AM-300x200.jpeg 300w, https:\/\/www.radiointeractivo.com.mx\/wp-content\/uploads\/2025\/05\/WhatsApp-Image-2025-05-13-at-11.25.00-AM-768x513.jpeg 768w, https:\/\/www.radiointeractivo.com.mx\/wp-content\/uploads\/2025\/05\/WhatsApp-Image-2025-05-13-at-11.25.00-AM-1536x1026.jpeg 1536w, https:\/\/www.radiointeractivo.com.mx\/wp-content\/uploads\/2025\/05\/WhatsApp-Image-2025-05-13-at-11.25.00-AM.jpeg 1600w\" sizes=\"auto, (max-width: 1024px) 100vw, 1024px\" \/><\/figure>\n\n\n\n<p>Por: Staff | #NuevoLaredo #Laredo #NLD #Tamaulipas<\/p>\n\n\n\n<p>El Centro C\u00edvico \u201cCarlos Cant\u00fa Rosas\u201d ser\u00e1 sede de la pr\u00f3xima Feria de Empleo de Nuevo Laredo, un evento que reunir\u00e1 a m\u00e1s de 80 empresas con la finalidad de ofertar alrededor de 450 vacantes para la comunidad este mi\u00e9rcoles 14 de mayo.<\/p>\n\n\n\n<p>Lorena Cavazos Mu\u00f1oz, secretaria de Desarrollo Econ\u00f3mico en Nuevo Laredo se\u00f1al\u00f3 que esta edici\u00f3n, se destaca la inclusi\u00f3n de vacantes dirigidas a profesionistas, ampliando as\u00ed las oportunidades laborales no solo para operativos, sino tambi\u00e9n para perfiles especializados.<\/p>\n\n\n\n<p>Entre las empresas participantes, se encuentran 8 maquiladoras confirmadas, as\u00ed como compa\u00f1\u00edas del sector transportista y aduanero, fundamentales en la econom\u00eda local.<\/p>\n\n\n\n<p>&#8220;Estamos incluyendo a los profesionistas en esta edici\u00f3n de la Feria del Empleo, lo cual representa un avance en la diversificaci\u00f3n del talento que demanda el sector productivo de la ciudad&#8221;, inform\u00f3 Cavazos Mu\u00f1oz.<\/p>\n\n\n\n<p>Se invita a la ciudadan\u00eda interesada a asistir el mi\u00e9rcoles 14 de mayo al Centro C\u00edvico Carlos Cant\u00fa Rosas y aprovechar esta oportunidad de crecimiento profesional.<\/p>\n","protected":false},"excerpt":{"rendered":"<p>Por: Staff | #NuevoLaredo #Laredo #NLD #Tamaulipas El Centro C\u00edvico \u201cCarlos Cant\u00fa Rosas\u201d ser\u00e1 sede de la pr\u00f3xima Feria de Empleo de Nuevo Laredo, un evento que reunir\u00e1 a m\u00e1s de 80 empresas con la finalidad de ofertar alrededor de 450 vacantes para la comunidad este mi\u00e9rcoles 14 de mayo. Lorena Cavazos Mu\u00f1oz, secretaria de &hellip;<\/p>\n","protected":false},"author":1,"featured_media":16359,"comment_status":"open","ping_status":"open","sticky":false,"template":"","format":"standard","meta":{"footnotes":""},"categories":[38],"tags":[],"class_list":["post-16358","post","type-post","status-publish","format-standard","has-post-thumbnail","","category-nuevo-laredo"],"_links":{"self":[{"href":"https:\/\/www.radiointeractivo.com.mx\/index.php?rest_route=\/wp\/v2\/posts\/16358","targetHints":{"allow":["GET"]}}],"collection":[{"href":"https:\/\/www.radiointeractivo.com.mx\/index.php?rest_route=\/wp\/v2\/posts"}],"about":[{"href":"https:\/\/www.radiointeractivo.com.mx\/index.php?rest_route=\/wp\/v2\/types\/post"}],"author":[{"embeddable":true,"href":"https:\/\/www.radiointeractivo.com.mx\/index.php?rest_route=\/wp\/v2\/users\/1"}],"replies":[{"embeddable":true,"href":"https:\/\/www.radiointeractivo.com.mx\/index.php?rest_route=%2Fwp%2Fv2%2Fcomments&post=16358"}],"version-history":[{"count":1,"href":"https:\/\/www.radiointeractivo.com.mx\/index.php?rest_route=\/wp\/v2\/posts\/16358\/revisions"}],"predecessor-version":[{"id":16360,"href":"https:\/\/www.radiointeractivo.com.mx\/index.php?rest_route=\/wp\/v2\/posts\/16358\/revisions\/16360"}],"wp:featuredmedia":[{"embeddable":true,"href":"https:\/\/www.radiointeractivo.com.mx\/index.php?rest_route=\/wp\/v2\/media\/16359"}],"wp:attachment":[{"href":"https:\/\/www.radiointeractivo.com.mx\/index.php?rest_route=%2Fwp%2Fv2%2Fmedia&parent=16358"}],"wp:term":[{"taxonomy":"category","embeddable":true,"href":"https:\/\/www.radiointeractivo.com.mx\/index.php?rest_route=%2Fwp%2Fv2%2Fcategories&post=16358"},{"taxonomy":"post_tag","embeddable":true,"href":"https:\/\/www.radiointeractivo.com.mx\/index.php?rest_route=%2Fwp%2Fv2%2Ftags&post=16358"}],"curies":[{"name":"wp","href":"https:\/\/api.w.org\/{rel}","templated":true}]}}