{"id":16352,"date":"2025-05-13T16:03:34","date_gmt":"2025-05-13T21:03:34","guid":{"rendered":"https:\/\/www.radiointeractivo.com.mx\/?p=16352"},"modified":"2025-05-13T16:03:36","modified_gmt":"2025-05-13T21:03:36","slug":"llegara-reliquia-de-san-judas-tadeo-a-nuevo-laredo","status":"publish","type":"post","link":"https:\/\/www.radiointeractivo.com.mx\/?p=16352","title":{"rendered":"LLEGAR\u00c1 RELIQUIA DE SAN JUDAS TADEO A NUEVO LAREDO."},"content":{"rendered":"\n<figure class=\"wp-block-image size-large\"><img loading=\"lazy\" decoding=\"async\" width=\"1024\" height=\"768\" src=\"https:\/\/www.radiointeractivo.com.mx\/wp-content\/uploads\/2025\/05\/WhatsApp-Image-2025-05-13-at-3.41.58-PM-1024x768.jpeg\" alt=\"\" class=\"wp-image-16353\" srcset=\"https:\/\/www.radiointeractivo.com.mx\/wp-content\/uploads\/2025\/05\/WhatsApp-Image-2025-05-13-at-3.41.58-PM-1024x768.jpeg 1024w, https:\/\/www.radiointeractivo.com.mx\/wp-content\/uploads\/2025\/05\/WhatsApp-Image-2025-05-13-at-3.41.58-PM-300x225.jpeg 300w, https:\/\/www.radiointeractivo.com.mx\/wp-content\/uploads\/2025\/05\/WhatsApp-Image-2025-05-13-at-3.41.58-PM-768x576.jpeg 768w, https:\/\/www.radiointeractivo.com.mx\/wp-content\/uploads\/2025\/05\/WhatsApp-Image-2025-05-13-at-3.41.58-PM.jpeg 1200w\" sizes=\"auto, (max-width: 1024px) 100vw, 1024px\" \/><\/figure>\n\n\n\n<p>La reliquia de San Judas Tadeo estar\u00e1 en Nuevo Laredo del 17 al 20 de mayo y ser\u00e1 recibida en el kil\u00f3metro 26 para luego partir en caravana hasta la iglesia de San Judas Tadeo en la colonia FOVISSSTE.<\/p>\n\n\n\n<p>Juan Mart\u00edn Lugo Galv\u00e1n, sacerdote de esta parroquia se\u00f1al\u00f3 que la reliquia proviene de Roma permanecer\u00e1 en Nuevo Laredo durante tres d\u00edas, habr\u00e1 acompa\u00f1amiento de guardias d\u00eda y noche para la reliquia, y se ha invitado a los devotos a participar como voluntarios.<\/p>\n\n\n\n<p>\u201cEstamos de fiesta, con mucha alegr\u00eda, estamos a unos d\u00edas de que a nuestra di\u00f3cesis, a nuestra parroquia nos llegue la reliquia de San Judas Tadeo. Va estar aqu\u00ed con nosotros tres d\u00edas, y el \u00faltimo d\u00eda que es martes 20 va a estar en la parroquia de San Juan Bosco\u201d, explic\u00f3 el padre.<\/p>\n\n\n\n<p>El P\u00e1rroco detall\u00f3 que el 17 de mayo, ser\u00e1 recibida en punto de las 4:00 de la tarde en el kil\u00f3metro 26 con una caravana iniciando con el recorrido a las 4:15 hasta la iglesia San Judas Tadeo.<\/p>\n\n\n\n<p>Adem\u00e1s como parte de esta celebraci\u00f3n, las familias neolaredenses podr\u00e1n disfrutar de los grupos musicales Generaci\u00f3n Latina de la Dinast\u00eda V\u00e1zquez, la Misi\u00f3n Colombiana y EDR, adem\u00e1s habr\u00e1 venta de comida y antojitos mexicanos.<\/p>\n\n\n\n<p>El domingo 18 de mayo se celebrar\u00e1 la misa con varios horarios, 8, 10 de la ma\u00f1ana y de 1 y 3 de la tarde, posteriormente de 6 y 7 de la tarde.<\/p>\n\n\n\n<p>El lunes se tendr\u00e1n tres misas con los horarios de 8 de la ma\u00f1ana, 12 del mediod\u00eda y 8 de la noche. Adem\u00e1s, a las 9 se contar\u00e1 con la presentaci\u00f3n del grupo musical y se tendr\u00e1 venta de antojitos mexicanos.<\/p>\n\n\n\n<p>Posteriormente la reliquia ser\u00e1 trasladada a la parroquia San Juan Bosco, para partir rumbo a Piedras Negras, Coahuila donde la est\u00e1n esperando.<\/p>\n\n\n\n<p>La reliquia es una oportunidad para que los feligreses veneren un fragmento de hueso de San Judas Tadeo, un santo muy popular en M\u00e9xico.<\/p>\n","protected":false},"excerpt":{"rendered":"<p>La reliquia de San Judas Tadeo estar\u00e1 en Nuevo Laredo del 17 al 20 de mayo y ser\u00e1 recibida en el kil\u00f3metro 26 para luego partir en caravana hasta la iglesia de San Judas Tadeo en la colonia FOVISSSTE. Juan Mart\u00edn Lugo Galv\u00e1n, sacerdote de esta parroquia se\u00f1al\u00f3 que la reliquia proviene de Roma permanecer\u00e1 &hellip;<\/p>\n","protected":false},"author":1,"featured_media":16353,"comment_status":"open","ping_status":"open","sticky":false,"template":"","format":"standard","meta":{"footnotes":""},"categories":[38],"tags":[],"class_list":["post-16352","post","type-post","status-publish","format-standard","has-post-thumbnail","","category-nuevo-laredo"],"_links":{"self":[{"href":"https:\/\/www.radiointeractivo.com.mx\/index.php?rest_route=\/wp\/v2\/posts\/16352","targetHints":{"allow":["GET"]}}],"collection":[{"href":"https:\/\/www.radiointeractivo.com.mx\/index.php?rest_route=\/wp\/v2\/posts"}],"about":[{"href":"https:\/\/www.radiointeractivo.com.mx\/index.php?rest_route=\/wp\/v2\/types\/post"}],"author":[{"embeddable":true,"href":"https:\/\/www.radiointeractivo.com.mx\/index.php?rest_route=\/wp\/v2\/users\/1"}],"replies":[{"embeddable":true,"href":"https:\/\/www.radiointeractivo.com.mx\/index.php?rest_route=%2Fwp%2Fv2%2Fcomments&post=16352"}],"version-history":[{"count":1,"href":"https:\/\/www.radiointeractivo.com.mx\/index.php?rest_route=\/wp\/v2\/posts\/16352\/revisions"}],"predecessor-version":[{"id":16354,"href":"https:\/\/www.radiointeractivo.com.mx\/index.php?rest_route=\/wp\/v2\/posts\/16352\/revisions\/16354"}],"wp:featuredmedia":[{"embeddable":true,"href":"https:\/\/www.radiointeractivo.com.mx\/index.php?rest_route=\/wp\/v2\/media\/16353"}],"wp:attachment":[{"href":"https:\/\/www.radiointeractivo.com.mx\/index.php?rest_route=%2Fwp%2Fv2%2Fmedia&parent=16352"}],"wp:term":[{"taxonomy":"category","embeddable":true,"href":"https:\/\/www.radiointeractivo.com.mx\/index.php?rest_route=%2Fwp%2Fv2%2Fcategories&post=16352"},{"taxonomy":"post_tag","embeddable":true,"href":"https:\/\/www.radiointeractivo.com.mx\/index.php?rest_route=%2Fwp%2Fv2%2Ftags&post=16352"}],"curies":[{"name":"wp","href":"https:\/\/api.w.org\/{rel}","templated":true}]}}