{"id":16322,"date":"2025-05-12T11:27:10","date_gmt":"2025-05-12T16:27:10","guid":{"rendered":"https:\/\/www.radiointeractivo.com.mx\/?p=16322"},"modified":"2025-05-12T11:27:12","modified_gmt":"2025-05-12T16:27:12","slug":"celebra-contraloria-gubernamental-a-ninas-ninos-y-madres-trabajadoras","status":"publish","type":"post","link":"https:\/\/www.radiointeractivo.com.mx\/?p=16322","title":{"rendered":"Celebra Contralor\u00eda Gubernamental a ni\u00f1as, ni\u00f1os y madres trabajadoras"},"content":{"rendered":"\n<p>Mayo 11 de 2025<\/p>\n\n\n\n<p>Ciudad Victoria, Tamaulipas.- La Contralor\u00eda Gubernamental del Estado de Tamaulipas a cargo de Norma Ang\u00e9lica Pedraza Melo, comparti\u00f3 con madres trabajadoras y sus hijas e hijos una tarde de museo.<\/p>\n\n\n\n<p>La sede del evento fue el Museo de Historia Natural Tamux, considerado el mejor del noreste mexicano, donde las y los ni\u00f1os disfrutaron de proyecciones de cortometrajes ganadores del concurso \u201c Transparencia en Corto\u201d que organiza esta dependencia, de una visita guiada por las cinco salas del museo y talleres l\u00fadicos donde aprendieron sobre valores a trav\u00e9s del material did\u00e1ctico que ha creado la propia dependencia para sembrar en las nuevas generaciones de tamaulipecos y tamaulipecas los principios de \u00e9tica que forman parte del Programa Estatal de Desarrollo en la construcci\u00f3n de una nueva sociedad.<\/p>\n\n\n\n<p>&#8220;Este espacio de convivencia entre madres e hijos, sirve tambi\u00e9n para que las y los ni\u00f1os conozcan parte del trabajo que se realiza la Contralor\u00eda Gubernamental y continuar sembrando valores para lograr una nueva sociedad, una de las metas del gobernador Am\u00e9rico Villarreal Anaya\u201d, expres\u00f3 la funcionaria estatal.<\/p>\n\n\n\n<p>En el evento estuvo presente el vocal ejecutivo de la Comisi\u00f3n de Parques y Biodiversidad Eduardo Rocha Orozco, quien acompa\u00f1\u00f3 a la contralora gubernamental Norma Ang\u00e9lica Pedraza Melo y celebr\u00f3 junto a madres trabajadoras y las y los ni\u00f1os la importancia de reconocer y valorar nuestro h\u00e1bitat pues Tamaulipas es una entidad con biodiversidad.<\/p>\n\n\n\n<pre class=\"wp-block-code\"><code>      *      *    *<\/code><\/pre>\n","protected":false},"excerpt":{"rendered":"<p>Mayo 11 de 2025 Ciudad Victoria, Tamaulipas.- La Contralor\u00eda Gubernamental del Estado de Tamaulipas a cargo de Norma Ang\u00e9lica Pedraza Melo, comparti\u00f3 con madres trabajadoras y sus hijas e hijos una tarde de museo. La sede del evento fue el Museo de Historia Natural Tamux, considerado el mejor del noreste mexicano, donde las y los &hellip;<\/p>\n","protected":false},"author":2,"featured_media":16323,"comment_status":"open","ping_status":"open","sticky":false,"template":"","format":"standard","meta":{"footnotes":""},"categories":[39],"tags":[],"class_list":["post-16322","post","type-post","status-publish","format-standard","has-post-thumbnail","","category-tamaulipas"],"_links":{"self":[{"href":"https:\/\/www.radiointeractivo.com.mx\/index.php?rest_route=\/wp\/v2\/posts\/16322","targetHints":{"allow":["GET"]}}],"collection":[{"href":"https:\/\/www.radiointeractivo.com.mx\/index.php?rest_route=\/wp\/v2\/posts"}],"about":[{"href":"https:\/\/www.radiointeractivo.com.mx\/index.php?rest_route=\/wp\/v2\/types\/post"}],"author":[{"embeddable":true,"href":"https:\/\/www.radiointeractivo.com.mx\/index.php?rest_route=\/wp\/v2\/users\/2"}],"replies":[{"embeddable":true,"href":"https:\/\/www.radiointeractivo.com.mx\/index.php?rest_route=%2Fwp%2Fv2%2Fcomments&post=16322"}],"version-history":[{"count":1,"href":"https:\/\/www.radiointeractivo.com.mx\/index.php?rest_route=\/wp\/v2\/posts\/16322\/revisions"}],"predecessor-version":[{"id":16324,"href":"https:\/\/www.radiointeractivo.com.mx\/index.php?rest_route=\/wp\/v2\/posts\/16322\/revisions\/16324"}],"wp:featuredmedia":[{"embeddable":true,"href":"https:\/\/www.radiointeractivo.com.mx\/index.php?rest_route=\/wp\/v2\/media\/16323"}],"wp:attachment":[{"href":"https:\/\/www.radiointeractivo.com.mx\/index.php?rest_route=%2Fwp%2Fv2%2Fmedia&parent=16322"}],"wp:term":[{"taxonomy":"category","embeddable":true,"href":"https:\/\/www.radiointeractivo.com.mx\/index.php?rest_route=%2Fwp%2Fv2%2Fcategories&post=16322"},{"taxonomy":"post_tag","embeddable":true,"href":"https:\/\/www.radiointeractivo.com.mx\/index.php?rest_route=%2Fwp%2Fv2%2Ftags&post=16322"}],"curies":[{"name":"wp","href":"https:\/\/api.w.org\/{rel}","templated":true}]}}