{"id":16284,"date":"2025-05-09T15:32:51","date_gmt":"2025-05-09T20:32:51","guid":{"rendered":"https:\/\/www.radiointeractivo.com.mx\/?p=16284"},"modified":"2025-05-09T15:32:53","modified_gmt":"2025-05-09T20:32:53","slug":"celebraran-a-mama-con-musica-y-sorpresas-dif-nuevo-laredo-te-espera-manana-en-el-festival-del-dia-de-las-madres","status":"publish","type":"post","link":"https:\/\/www.radiointeractivo.com.mx\/?p=16284","title":{"rendered":"CELEBRAR\u00c1N A MAM\u00c1 CON M\u00daSICA Y SORPRESAS: DIF NUEVO LAREDO TE ESPERA MA\u00d1ANA EN EL FESTIVAL DEL D\u00cdA DE LAS MADRES"},"content":{"rendered":"\n<figure class=\"wp-block-image size-full\"><img loading=\"lazy\" decoding=\"async\" width=\"960\" height=\"640\" src=\"https:\/\/www.radiointeractivo.com.mx\/wp-content\/uploads\/2025\/05\/WhatsApp-Image-2025-05-09-at-2.35.02-PM.jpeg\" alt=\"\" class=\"wp-image-16285\" srcset=\"https:\/\/www.radiointeractivo.com.mx\/wp-content\/uploads\/2025\/05\/WhatsApp-Image-2025-05-09-at-2.35.02-PM.jpeg 960w, https:\/\/www.radiointeractivo.com.mx\/wp-content\/uploads\/2025\/05\/WhatsApp-Image-2025-05-09-at-2.35.02-PM-300x200.jpeg 300w, https:\/\/www.radiointeractivo.com.mx\/wp-content\/uploads\/2025\/05\/WhatsApp-Image-2025-05-09-at-2.35.02-PM-768x512.jpeg 768w\" sizes=\"auto, (max-width: 960px) 100vw, 960px\" \/><\/figure>\n\n\n\n<p>Por: Staff | #NuevoLaredo #Laredo #NLD #Tamaulipas<\/p>\n\n\n\n<p>Con motivo del D\u00eda de las Madres, el Sistema para el Desarrollo Integral de la Familia (DIF) Nuevo Laredo y el Gobierno Municipal invitan a todas las madres y sus familias a un gran Festival del D\u00eda de las Madres el pr\u00f3ximo s\u00e1bado 10 de mayo, a partir de las 7:00 de la tarde, en la Explanada de la Independencia, ubicada frente al Palacio Federal.<\/p>\n\n\n\n<p>El evento contar\u00e1 con la participaci\u00f3n estelar de Los Bar\u00f3n de Apodaca y Los Reyes Locos; adem\u00e1s del Tr\u00edo Amor Es, quienes llenar\u00e1n de m\u00fasica y alegr\u00eda esta celebraci\u00f3n especial.<\/p>\n\n\n\n<p>Tambi\u00e9n, se realizar\u00e1n rifas de regalos, para las cuales es indispensable registrarse el d\u00eda del evento en el m\u00f3dulo que estar\u00e1 disponible de 7:00 a 8:30 de la noche.<\/p>\n\n\n\n<p>El director del Sistema DIF, Viviano V\u00e1zquez Mac\u00edas, extendi\u00f3 una cordial invitaci\u00f3n a toda las madres de familia para que asistan y disfruten de esta gran fiesta dedicada a las madres.<\/p>\n\n\n\n<p>\u201cQueremos rendir un merecido homenaje a todas las madres de Nuevo Laredo, reconociendo su amor, entrega y sacrificio. Ser\u00e1 una celebraci\u00f3n especial donde podr\u00e1n disfrutar en familia y vivir una noche llena de m\u00fasica, sorpresas y mucho cari\u00f1o\u201d, expres\u00f3 V\u00e1zquez Mac\u00edas.<\/p>\n\n\n\n<p>Con motivo del evento desde el primer minuto del 10 de mayo se cerrar\u00e1 la circulaci\u00f3n vehicular las calles Gonz\u00e1lez, desde Guerrero hasta Ocampo, y Ocampo, desde Canales hasta Gonz\u00e1lez.<\/p>\n\n\n\n<p>El Sistema DIF reitera su invitaci\u00f3n a todas las madres de Nuevo Laredo a asistir y ser parte de este emotivo homenaje que celebra su papel fundamental en la sociedad.<\/p>\n","protected":false},"excerpt":{"rendered":"<p>Por: Staff | #NuevoLaredo #Laredo #NLD #Tamaulipas Con motivo del D\u00eda de las Madres, el Sistema para el Desarrollo Integral de la Familia (DIF) Nuevo Laredo y el Gobierno Municipal invitan a todas las madres y sus familias a un gran Festival del D\u00eda de las Madres el pr\u00f3ximo s\u00e1bado 10 de mayo, a partir &hellip;<\/p>\n","protected":false},"author":1,"featured_media":16285,"comment_status":"open","ping_status":"open","sticky":false,"template":"","format":"standard","meta":{"footnotes":""},"categories":[38],"tags":[],"class_list":["post-16284","post","type-post","status-publish","format-standard","has-post-thumbnail","","category-nuevo-laredo"],"_links":{"self":[{"href":"https:\/\/www.radiointeractivo.com.mx\/index.php?rest_route=\/wp\/v2\/posts\/16284","targetHints":{"allow":["GET"]}}],"collection":[{"href":"https:\/\/www.radiointeractivo.com.mx\/index.php?rest_route=\/wp\/v2\/posts"}],"about":[{"href":"https:\/\/www.radiointeractivo.com.mx\/index.php?rest_route=\/wp\/v2\/types\/post"}],"author":[{"embeddable":true,"href":"https:\/\/www.radiointeractivo.com.mx\/index.php?rest_route=\/wp\/v2\/users\/1"}],"replies":[{"embeddable":true,"href":"https:\/\/www.radiointeractivo.com.mx\/index.php?rest_route=%2Fwp%2Fv2%2Fcomments&post=16284"}],"version-history":[{"count":1,"href":"https:\/\/www.radiointeractivo.com.mx\/index.php?rest_route=\/wp\/v2\/posts\/16284\/revisions"}],"predecessor-version":[{"id":16286,"href":"https:\/\/www.radiointeractivo.com.mx\/index.php?rest_route=\/wp\/v2\/posts\/16284\/revisions\/16286"}],"wp:featuredmedia":[{"embeddable":true,"href":"https:\/\/www.radiointeractivo.com.mx\/index.php?rest_route=\/wp\/v2\/media\/16285"}],"wp:attachment":[{"href":"https:\/\/www.radiointeractivo.com.mx\/index.php?rest_route=%2Fwp%2Fv2%2Fmedia&parent=16284"}],"wp:term":[{"taxonomy":"category","embeddable":true,"href":"https:\/\/www.radiointeractivo.com.mx\/index.php?rest_route=%2Fwp%2Fv2%2Fcategories&post=16284"},{"taxonomy":"post_tag","embeddable":true,"href":"https:\/\/www.radiointeractivo.com.mx\/index.php?rest_route=%2Fwp%2Fv2%2Ftags&post=16284"}],"curies":[{"name":"wp","href":"https:\/\/api.w.org\/{rel}","templated":true}]}}