{"id":16278,"date":"2025-05-09T14:57:14","date_gmt":"2025-05-09T19:57:14","guid":{"rendered":"https:\/\/www.radiointeractivo.com.mx\/?p=16278"},"modified":"2025-05-09T14:57:16","modified_gmt":"2025-05-09T19:57:16","slug":"invita-gobierno-municipal-al-bazar-dia-de-las-madres-en-plaza-zaragoza","status":"publish","type":"post","link":"https:\/\/www.radiointeractivo.com.mx\/?p=16278","title":{"rendered":"INVITA GOBIERNO MUNICIPAL AL BAZAR D\u00cdA DE LAS MADRES EN PLAZA ZARAGOZA"},"content":{"rendered":"\n<figure class=\"wp-block-image size-large\"><img loading=\"lazy\" decoding=\"async\" width=\"1024\" height=\"684\" src=\"https:\/\/www.radiointeractivo.com.mx\/wp-content\/uploads\/2025\/05\/WhatsApp-Image-2025-05-09-at-11.43.26-AM-1-1024x684.jpeg\" alt=\"\" class=\"wp-image-16279\" srcset=\"https:\/\/www.radiointeractivo.com.mx\/wp-content\/uploads\/2025\/05\/WhatsApp-Image-2025-05-09-at-11.43.26-AM-1-1024x684.jpeg 1024w, https:\/\/www.radiointeractivo.com.mx\/wp-content\/uploads\/2025\/05\/WhatsApp-Image-2025-05-09-at-11.43.26-AM-1-300x200.jpeg 300w, https:\/\/www.radiointeractivo.com.mx\/wp-content\/uploads\/2025\/05\/WhatsApp-Image-2025-05-09-at-11.43.26-AM-1-768x513.jpeg 768w, https:\/\/www.radiointeractivo.com.mx\/wp-content\/uploads\/2025\/05\/WhatsApp-Image-2025-05-09-at-11.43.26-AM-1-1536x1026.jpeg 1536w, https:\/\/www.radiointeractivo.com.mx\/wp-content\/uploads\/2025\/05\/WhatsApp-Image-2025-05-09-at-11.43.26-AM-1.jpeg 1600w\" sizes=\"auto, (max-width: 1024px) 100vw, 1024px\" \/><\/figure>\n\n\n\n<p>Por: Staff | #NuevoLaredo #Laredo #NLD #Tamaulipas<\/p>\n\n\n\n<p>El Gobierno Municipal, a trav\u00e9s de la Secretar\u00eda de Bienestar Social, invita a la ciudadan\u00eda al Bazar D\u00eda de las Madres, que se llevar\u00e1 a cabo este domingo 11 de mayo en la Plaza Zaragoza, en un horario de 9:00 de la ma\u00f1ana a 2:00 de la tarde.<\/p>\n\n\n\n<p>Adem\u00e1s de encontrar ese detalle especial que har\u00e1 sonre\u00edr a mam\u00e1, estar\u00e1s apoyando a emprendedores locales que estar\u00e1n ofreciendo una gran variedad de productos como joyer\u00eda, manualidades, ropa, accesorios, perfumes y antojitos.<\/p>\n","protected":false},"excerpt":{"rendered":"<p>Por: Staff | #NuevoLaredo #Laredo #NLD #Tamaulipas El Gobierno Municipal, a trav\u00e9s de la Secretar\u00eda de Bienestar Social, invita a la ciudadan\u00eda al Bazar D\u00eda de las Madres, que se llevar\u00e1 a cabo este domingo 11 de mayo en la Plaza Zaragoza, en un horario de 9:00 de la ma\u00f1ana a 2:00 de la tarde. &hellip;<\/p>\n","protected":false},"author":1,"featured_media":16279,"comment_status":"open","ping_status":"open","sticky":false,"template":"","format":"standard","meta":{"footnotes":""},"categories":[38],"tags":[],"class_list":["post-16278","post","type-post","status-publish","format-standard","has-post-thumbnail","","category-nuevo-laredo"],"_links":{"self":[{"href":"https:\/\/www.radiointeractivo.com.mx\/index.php?rest_route=\/wp\/v2\/posts\/16278","targetHints":{"allow":["GET"]}}],"collection":[{"href":"https:\/\/www.radiointeractivo.com.mx\/index.php?rest_route=\/wp\/v2\/posts"}],"about":[{"href":"https:\/\/www.radiointeractivo.com.mx\/index.php?rest_route=\/wp\/v2\/types\/post"}],"author":[{"embeddable":true,"href":"https:\/\/www.radiointeractivo.com.mx\/index.php?rest_route=\/wp\/v2\/users\/1"}],"replies":[{"embeddable":true,"href":"https:\/\/www.radiointeractivo.com.mx\/index.php?rest_route=%2Fwp%2Fv2%2Fcomments&post=16278"}],"version-history":[{"count":1,"href":"https:\/\/www.radiointeractivo.com.mx\/index.php?rest_route=\/wp\/v2\/posts\/16278\/revisions"}],"predecessor-version":[{"id":16280,"href":"https:\/\/www.radiointeractivo.com.mx\/index.php?rest_route=\/wp\/v2\/posts\/16278\/revisions\/16280"}],"wp:featuredmedia":[{"embeddable":true,"href":"https:\/\/www.radiointeractivo.com.mx\/index.php?rest_route=\/wp\/v2\/media\/16279"}],"wp:attachment":[{"href":"https:\/\/www.radiointeractivo.com.mx\/index.php?rest_route=%2Fwp%2Fv2%2Fmedia&parent=16278"}],"wp:term":[{"taxonomy":"category","embeddable":true,"href":"https:\/\/www.radiointeractivo.com.mx\/index.php?rest_route=%2Fwp%2Fv2%2Fcategories&post=16278"},{"taxonomy":"post_tag","embeddable":true,"href":"https:\/\/www.radiointeractivo.com.mx\/index.php?rest_route=%2Fwp%2Fv2%2Ftags&post=16278"}],"curies":[{"name":"wp","href":"https:\/\/api.w.org\/{rel}","templated":true}]}}