{"id":1626,"date":"2023-09-12T12:52:58","date_gmt":"2023-09-12T17:52:58","guid":{"rendered":"https:\/\/www.radiointeractivo.com.mx\/?p=1626"},"modified":"2023-09-12T12:52:59","modified_gmt":"2023-09-12T17:52:59","slug":"pide-movimiento-ciudadano-que-dejen-fuera-a-las-ninas-y-ninos-del-conflicto-sindicato-gobierno","status":"publish","type":"post","link":"https:\/\/www.radiointeractivo.com.mx\/?p=1626","title":{"rendered":"PIDE MOVIMIENTO CIUDADANO QUE DEJEN FUERA A LAS NI\u00d1AS Y NI\u00d1OS DEL CONFLICTO SINDICATO-GOBIERNO"},"content":{"rendered":"\n<p>Por: Agencias<\/p>\n\n\n\n<p>El conflicto sindical que ha dejado a miles de ni\u00f1os tamaulipecos sin clases de nivel b\u00e1sico ha sido una situaci\u00f3n complicada debido a que despu\u00e9s de la pandemia del 2019 hubo mucho retraso, es por eso, que en Movimiento Ciudadano se pide haya di\u00e1logo entre el Sindicato Nacional de Trabajadores de la Educaci\u00f3n (SNTE) secci\u00f3n 30 y Gobierno del Estado.<\/p>\n\n\n\n<p>Juan Carlos Zertuche Romero, Coordinador Estatal de Movimiento Ciudadano en Tamaulipas, precisa que urge que haya un di\u00e1logo que termine en buenos t\u00e9rminos, para que los ni\u00f1os regresen a las aulas lo m\u00e1s pronto posible a una semana de que iniciar\u00e1 esta protesta en todo el estado.<\/p>\n\n\n\n<p>&#8220;Los ni\u00f1os deben estar en clases, este conflicto pol\u00edtico sindical lo que est\u00e1 haciendo es que haya nuevamente un retraso en la educaci\u00f3n de los ni\u00f1os, ni\u00f1as y j\u00f3venes desde preescolar hasta secundaria, en Movimiento Ciudadano apoyamos las causas y m\u00e1s los derechos de los ni\u00f1os, por lo que exigimos que haya un di\u00e1logo para que se regrese a los salones de clases y los maestros tengan lo que les corresponde&#8221;, expres\u00f3 el l\u00edder naranja.<\/p>\n\n\n\n<p>Recalca Zertuche Romero, que el atraso que se tuvo durante la pandemia fue muy grande y grave, por lo que m\u00e1s rezago entorpecera al futuro que Tamaulipas y de M\u00e9xico.<\/p>\n","protected":false},"excerpt":{"rendered":"<p>Por: Agencias El conflicto sindical que ha dejado a miles de ni\u00f1os tamaulipecos sin clases de nivel b\u00e1sico ha sido una situaci\u00f3n complicada debido a que despu\u00e9s de la pandemia del 2019 hubo mucho retraso, es por eso, que en Movimiento Ciudadano se pide haya di\u00e1logo entre el Sindicato Nacional de Trabajadores de la Educaci\u00f3n &hellip;<\/p>\n","protected":false},"author":1,"featured_media":1627,"comment_status":"open","ping_status":"open","sticky":false,"template":"","format":"standard","meta":{"footnotes":""},"categories":[39],"tags":[],"class_list":["post-1626","post","type-post","status-publish","format-standard","has-post-thumbnail","","category-tamaulipas"],"_links":{"self":[{"href":"https:\/\/www.radiointeractivo.com.mx\/index.php?rest_route=\/wp\/v2\/posts\/1626","targetHints":{"allow":["GET"]}}],"collection":[{"href":"https:\/\/www.radiointeractivo.com.mx\/index.php?rest_route=\/wp\/v2\/posts"}],"about":[{"href":"https:\/\/www.radiointeractivo.com.mx\/index.php?rest_route=\/wp\/v2\/types\/post"}],"author":[{"embeddable":true,"href":"https:\/\/www.radiointeractivo.com.mx\/index.php?rest_route=\/wp\/v2\/users\/1"}],"replies":[{"embeddable":true,"href":"https:\/\/www.radiointeractivo.com.mx\/index.php?rest_route=%2Fwp%2Fv2%2Fcomments&post=1626"}],"version-history":[{"count":1,"href":"https:\/\/www.radiointeractivo.com.mx\/index.php?rest_route=\/wp\/v2\/posts\/1626\/revisions"}],"predecessor-version":[{"id":1628,"href":"https:\/\/www.radiointeractivo.com.mx\/index.php?rest_route=\/wp\/v2\/posts\/1626\/revisions\/1628"}],"wp:featuredmedia":[{"embeddable":true,"href":"https:\/\/www.radiointeractivo.com.mx\/index.php?rest_route=\/wp\/v2\/media\/1627"}],"wp:attachment":[{"href":"https:\/\/www.radiointeractivo.com.mx\/index.php?rest_route=%2Fwp%2Fv2%2Fmedia&parent=1626"}],"wp:term":[{"taxonomy":"category","embeddable":true,"href":"https:\/\/www.radiointeractivo.com.mx\/index.php?rest_route=%2Fwp%2Fv2%2Fcategories&post=1626"},{"taxonomy":"post_tag","embeddable":true,"href":"https:\/\/www.radiointeractivo.com.mx\/index.php?rest_route=%2Fwp%2Fv2%2Ftags&post=1626"}],"curies":[{"name":"wp","href":"https:\/\/api.w.org\/{rel}","templated":true}]}}