{"id":16258,"date":"2025-05-07T14:42:27","date_gmt":"2025-05-07T19:42:27","guid":{"rendered":"https:\/\/www.radiointeractivo.com.mx\/?p=16258"},"modified":"2025-05-07T14:42:30","modified_gmt":"2025-05-07T19:42:30","slug":"conmemora-congreso-local-bicentenario-de-constitucion-tamaulipeca-alcaldesa-carmen-lilia-canturosas-destaca-legado-de-justicia-soberania-y-libertad","status":"publish","type":"post","link":"https:\/\/www.radiointeractivo.com.mx\/?p=16258","title":{"rendered":"CONMEMORA CONGRESO LOCAL BICENTENARIO DE CONSTITUCI\u00d3N TAMAULIPECA; ALCALDESA CARMEN LILIA CANTUROSAS DESTACA LEGADO DE JUSTICIA, SOBERAN\u00cdA Y LIBERTAD"},"content":{"rendered":"\n<figure class=\"wp-block-image size-large\"><img loading=\"lazy\" decoding=\"async\" width=\"1024\" height=\"683\" src=\"https:\/\/www.radiointeractivo.com.mx\/wp-content\/uploads\/2025\/05\/WhatsApp-Image-2025-05-07-at-2.18.31-PM-1024x683.jpeg\" alt=\"\" class=\"wp-image-16259\" srcset=\"https:\/\/www.radiointeractivo.com.mx\/wp-content\/uploads\/2025\/05\/WhatsApp-Image-2025-05-07-at-2.18.31-PM-1024x683.jpeg 1024w, https:\/\/www.radiointeractivo.com.mx\/wp-content\/uploads\/2025\/05\/WhatsApp-Image-2025-05-07-at-2.18.31-PM-300x200.jpeg 300w, https:\/\/www.radiointeractivo.com.mx\/wp-content\/uploads\/2025\/05\/WhatsApp-Image-2025-05-07-at-2.18.31-PM-768x512.jpeg 768w, https:\/\/www.radiointeractivo.com.mx\/wp-content\/uploads\/2025\/05\/WhatsApp-Image-2025-05-07-at-2.18.31-PM-1536x1024.jpeg 1536w, https:\/\/www.radiointeractivo.com.mx\/wp-content\/uploads\/2025\/05\/WhatsApp-Image-2025-05-07-at-2.18.31-PM.jpeg 1600w\" sizes=\"auto, (max-width: 1024px) 100vw, 1024px\" \/><\/figure>\n\n\n\n<p>Por: Staff | #NuevoLaredo #Laredo #NLD #Tamaulipas<\/p>\n\n\n\n<p>En un acto de profunda relevancia hist\u00f3rica, el Congreso del Estado celebr\u00f3 una Sesi\u00f3n Solemne para conmemorar el bicentenario de la promulgaci\u00f3n de la primera Constituci\u00f3n Pol\u00edtica del Estado Libre de las Tamaulipas, documento que sent\u00f3 las bases de la vida institucional, democr\u00e1tica y soberana de la entidad.<\/p>\n\n\n\n<p>Encabezada por la LXV Legislatura y el gobernador Am\u00e9rico Villarreal Anaya, la ceremonia reuni\u00f3 a representantes de los tres poderes, entre ellos la presidenta municipal de Nuevo Laredo, Carmen Lilia Canturosas Villarreal, quien refrend\u00f3 su compromiso con los principios de libertad, justicia y soberan\u00eda que dieron origen al estado.<\/p>\n\n\n\n<p>En su mensaje, el mandatario estatal subray\u00f3 que la Constituci\u00f3n de 1825 no solo estableci\u00f3 un marco jur\u00eddico, sino que sent\u00f3 las bases de un proyecto humanista, incluyente y solidario.<\/p>\n\n\n\n<p>\u201cLa Constituci\u00f3n del 1825 no solo fund\u00f3 un Estado, fund\u00f3 una visi\u00f3n de justicia, libertad y soberan\u00eda que a\u00fan nos gu\u00eda. Hoy reafirmamos nuestro compromiso con esa visi\u00f3n, bajo los principios de la Cuarta Transformaci\u00f3n y con la firme convicci\u00f3n de consolidar un Estado de bienestar para todas y todos\u201d, expres\u00f3 Villarreal Anaya.<\/p>\n\n\n\n<p>Por su parte, la alcaldesa Carmen Lilia Canturosas destac\u00f3 que este documento hist\u00f3rico fue la piedra angular para la construcci\u00f3n de un estado m\u00e1s justo, con igualdad de oportunidades y respeto a la dignidad de las personas. Reconoci\u00f3 que, al igual que el gobernador, en Nuevo Laredo se trabaja todos los d\u00edas para seguir honrando a quienes hicieron posible un Tamaulipas libre y fuerte.<\/p>\n\n\n\n<p>\u201cCelebramos con orgullo este bicentenario que nos recuerda que Tamaulipas naci\u00f3 con vocaci\u00f3n de libertad. Hoy, como ayer, debemos estar a la altura del legado que nos dejaron los constituyentes de 1825. En Nuevo Laredo, refrendamos ese compromiso con hechos, construyendo un gobierno cercano, justo y transformador para nuestra gente\u201d, afirm\u00f3 la presidenta municipal.<\/p>\n\n\n\n<p>Durante la ceremonia, la diputada Cynthia Lizabeth Jaime Castillo enfatiz\u00f3 que la Constituci\u00f3n de 1825 fue una verdadera declaraci\u00f3n de dignidad y soberan\u00eda popular, redactada por grandes figuras de la historia como el doctor Eustaquio Fern\u00e1ndez y los hermanos Antonio y Bernardo Guti\u00e9rrez de Lara, quienes plasmaron los anhelos de una sociedad libre y autodeterminada.<\/p>\n\n\n\n<p>La legisladora record\u00f3 tambi\u00e9n que desde su nacimiento como entidad federativa, Tamaulipas ha desempe\u00f1ado un papel clave en la consolidaci\u00f3n de la Rep\u00fablica Federal Mexicana, y que ese esp\u00edritu de lucha y libertad contin\u00faa vigente en cada acci\u00f3n de gobierno y en cada expresi\u00f3n ciudadana.<\/p>\n\n\n\n<p>El Magistrado Presidente del Supremo Tribunal de Justicia del Estado, Hern\u00e1n de la Garza Tam\u00e9z, resalt\u00f3 que los primeros legisladores supieron establecer un modelo de Estado moderno para su tiempo, con divisi\u00f3n de poderes, reconocimiento de derechos ciudadanos y apego al imperio de la ley, principios que siguen guiando la vida democr\u00e1tica de Tamaulipas.<\/p>\n","protected":false},"excerpt":{"rendered":"<p>Por: Staff | #NuevoLaredo #Laredo #NLD #Tamaulipas En un acto de profunda relevancia hist\u00f3rica, el Congreso del Estado celebr\u00f3 una Sesi\u00f3n Solemne para conmemorar el bicentenario de la promulgaci\u00f3n de la primera Constituci\u00f3n Pol\u00edtica del Estado Libre de las Tamaulipas, documento que sent\u00f3 las bases de la vida institucional, democr\u00e1tica y soberana de la entidad. &hellip;<\/p>\n","protected":false},"author":1,"featured_media":0,"comment_status":"open","ping_status":"open","sticky":false,"template":"","format":"standard","meta":{"footnotes":""},"categories":[38],"tags":[],"class_list":["post-16258","post","type-post","status-publish","format-standard","","category-nuevo-laredo"],"_links":{"self":[{"href":"https:\/\/www.radiointeractivo.com.mx\/index.php?rest_route=\/wp\/v2\/posts\/16258","targetHints":{"allow":["GET"]}}],"collection":[{"href":"https:\/\/www.radiointeractivo.com.mx\/index.php?rest_route=\/wp\/v2\/posts"}],"about":[{"href":"https:\/\/www.radiointeractivo.com.mx\/index.php?rest_route=\/wp\/v2\/types\/post"}],"author":[{"embeddable":true,"href":"https:\/\/www.radiointeractivo.com.mx\/index.php?rest_route=\/wp\/v2\/users\/1"}],"replies":[{"embeddable":true,"href":"https:\/\/www.radiointeractivo.com.mx\/index.php?rest_route=%2Fwp%2Fv2%2Fcomments&post=16258"}],"version-history":[{"count":1,"href":"https:\/\/www.radiointeractivo.com.mx\/index.php?rest_route=\/wp\/v2\/posts\/16258\/revisions"}],"predecessor-version":[{"id":16260,"href":"https:\/\/www.radiointeractivo.com.mx\/index.php?rest_route=\/wp\/v2\/posts\/16258\/revisions\/16260"}],"wp:attachment":[{"href":"https:\/\/www.radiointeractivo.com.mx\/index.php?rest_route=%2Fwp%2Fv2%2Fmedia&parent=16258"}],"wp:term":[{"taxonomy":"category","embeddable":true,"href":"https:\/\/www.radiointeractivo.com.mx\/index.php?rest_route=%2Fwp%2Fv2%2Fcategories&post=16258"},{"taxonomy":"post_tag","embeddable":true,"href":"https:\/\/www.radiointeractivo.com.mx\/index.php?rest_route=%2Fwp%2Fv2%2Ftags&post=16258"}],"curies":[{"name":"wp","href":"https:\/\/api.w.org\/{rel}","templated":true}]}}