{"id":16239,"date":"2025-05-12T11:03:13","date_gmt":"2025-05-12T16:03:13","guid":{"rendered":"https:\/\/www.radiointeractivo.com.mx\/?p=16239"},"modified":"2025-05-12T11:03:15","modified_gmt":"2025-05-12T16:03:15","slug":"realiza-sipinna-tamaulipas-cuarta-sesion-de-comprevnna-para-fortalecer-acciones-contra-la-violencia-hacia-ninas-ninos-y-adolescentes","status":"publish","type":"post","link":"https:\/\/www.radiointeractivo.com.mx\/?p=16239","title":{"rendered":"Realiza SIPINNA Tamaulipas cuarta sesi\u00f3n de COMPREVNNA para fortalecer acciones contra la violencia hacia ni\u00f1as, ni\u00f1os y adolescentes"},"content":{"rendered":"\n<p>Mayo 09 de 2025<\/p>\n\n\n\n<p>CiudadVictoria, Tamaulipas.- El Sistema de Protecci\u00f3n Integral de los Derechos de Ni\u00f1as, Ni\u00f1os y Adolescentes (SIPINNA) Tamaulipas llev\u00f3 a cabo la Cuarta Sesi\u00f3n de la Comisi\u00f3n para Poner Fin a Toda Forma de Violencia Contra Ni\u00f1as, Ni\u00f1os y Adolescentes (COMPREVNNA), en seguimiento a las estrategias del Gobierno del Estado para garantizar el bienestar y la protecci\u00f3n integral de la infancia y adolescencia tamaulipeca.<\/p>\n\n\n\n<p>En representaci\u00f3n del secretario general de Gobierno, H\u00e9ctor Joel Villegas Gonz\u00e1lez, asisti\u00f3 Eliseo Castillo Tejeda, asesor de la oficina del secretario, quien destac\u00f3 la relevancia de este espacio de di\u00e1logo y coordinaci\u00f3n interinstitucional.<\/p>\n\n\n\n<p>Durante su intervenci\u00f3n, Castillo Tejeda reconoci\u00f3 p\u00fablicamente al gobernador Am\u00e9rico Villarreal Anaya por encabezar un gobierno humanista y con un firme compromiso hacia el respeto irrestricto de los derechos de ni\u00f1as, ni\u00f1os y adolescentes.<\/p>\n\n\n\n<p>\u201cLa infancia y adolescencia tamaulipeca merecen crecer en un entorno seguro, digno y libre de violencia. Por ello, desde el Gobierno del Estado, trabajamos de manera firme en la construcci\u00f3n de pol\u00edticas p\u00fablicas que permitan prevenir, atender y erradicar cualquier forma de maltrato o abuso. Este tipo de foros fortalecen nuestro compromiso con los derechos humanos, y nos recuerdan que la corresponsabilidad institucional es clave para lograr cambios reales y sostenibles en beneficio de nuestras ni\u00f1as, ni\u00f1os y adolescentes\u201d, expres\u00f3.<\/p>\n\n\n\n<p>Asimismo, hizo un respetuoso llamado al Congreso del Estado para que se considere la creaci\u00f3n de un presupuesto espec\u00edfico destinado a atender los derechos de ni\u00f1as, ni\u00f1os y adolescentes en Tamaulipas, subrayando la importancia de asignar recursos que permitan transformar la visi\u00f3n en acciones concretas y efectivas.<\/p>\n\n\n\n<p>Durante la sesi\u00f3n, se presentaron avances y acciones por parte de diversas instituciones comprometidas con la infancia y adolescencia.<\/p>\n\n\n\n<p>Entre los participantes destacados se encuentran: Flaviano Benavides Gonz\u00e1lez, director de la Facultad de Medicina Veterinaria y Zootecnia de la UAT, con el proyecto \u201cGranja Interactiva\u201d; el Centro de Atenci\u00f3n M\u00faltiple (CAM), con la ponencia \u201cAgresiones entre alumnos con discapacidad: un desaf\u00edo urgente\u201d; el C5i Tamaulipas, que comparti\u00f3 estad\u00edsticas del 911 sobre violencias cometidas contra menores; y SIPINNA Tamaulipas, que present\u00f3 el \u201cManual para la Prevenci\u00f3n del Abuso Sexual Contra Ni\u00f1as, Ni\u00f1os y Adolescentes\u201d.<\/p>\n\n\n\n<p>Al evento asistieron representantes del sector p\u00fablico, acad\u00e9mico y de la sociedad civil, entre ellos: Mireya Maldonado Villegas, fiscal especializada en Delitos contra Ni\u00f1as, Ni\u00f1os, Adolescentes y Mujeres por Raz\u00f3n de G\u00e9nero; Lorena Perales Salinas, comisionada estatal de Atenci\u00f3n a V\u00edctimas; Olegario Mu\u00f1iz, de la Oficina Estatal de la DGETI; Marco Antonio Moreno Castellanos, rector del Colegio de Tamaulipas; la diputada Yuriria Iturbe V\u00e1zquez, presidenta de la Comisi\u00f3n de Educaci\u00f3n del Congreso del Estado; y Heriberto Moncada Medrano, representante del 911.<\/p>\n\n\n\n<p>Tambi\u00e9n se cont\u00f3 con la presencia de titulares de los CBTIS de Ciudad Victoria, representantes de las c\u00e1maras empresariales CANIRAC y CANACO, y de forma virtual, las organizaciones internacionales Save the Children y World Vision M\u00e9xico.<\/p>\n","protected":false},"excerpt":{"rendered":"<p>Mayo 09 de 2025 CiudadVictoria, Tamaulipas.- El Sistema de Protecci\u00f3n Integral de los Derechos de Ni\u00f1as, Ni\u00f1os y Adolescentes (SIPINNA) Tamaulipas llev\u00f3 a cabo la Cuarta Sesi\u00f3n de la Comisi\u00f3n para Poner Fin a Toda Forma de Violencia Contra Ni\u00f1as, Ni\u00f1os y Adolescentes (COMPREVNNA), en seguimiento a las estrategias del Gobierno del Estado para garantizar &hellip;<\/p>\n","protected":false},"author":2,"featured_media":16304,"comment_status":"open","ping_status":"open","sticky":false,"template":"","format":"standard","meta":{"footnotes":""},"categories":[39],"tags":[],"class_list":["post-16239","post","type-post","status-publish","format-standard","has-post-thumbnail","","category-tamaulipas"],"_links":{"self":[{"href":"https:\/\/www.radiointeractivo.com.mx\/index.php?rest_route=\/wp\/v2\/posts\/16239","targetHints":{"allow":["GET"]}}],"collection":[{"href":"https:\/\/www.radiointeractivo.com.mx\/index.php?rest_route=\/wp\/v2\/posts"}],"about":[{"href":"https:\/\/www.radiointeractivo.com.mx\/index.php?rest_route=\/wp\/v2\/types\/post"}],"author":[{"embeddable":true,"href":"https:\/\/www.radiointeractivo.com.mx\/index.php?rest_route=\/wp\/v2\/users\/2"}],"replies":[{"embeddable":true,"href":"https:\/\/www.radiointeractivo.com.mx\/index.php?rest_route=%2Fwp%2Fv2%2Fcomments&post=16239"}],"version-history":[{"count":1,"href":"https:\/\/www.radiointeractivo.com.mx\/index.php?rest_route=\/wp\/v2\/posts\/16239\/revisions"}],"predecessor-version":[{"id":16305,"href":"https:\/\/www.radiointeractivo.com.mx\/index.php?rest_route=\/wp\/v2\/posts\/16239\/revisions\/16305"}],"wp:featuredmedia":[{"embeddable":true,"href":"https:\/\/www.radiointeractivo.com.mx\/index.php?rest_route=\/wp\/v2\/media\/16304"}],"wp:attachment":[{"href":"https:\/\/www.radiointeractivo.com.mx\/index.php?rest_route=%2Fwp%2Fv2%2Fmedia&parent=16239"}],"wp:term":[{"taxonomy":"category","embeddable":true,"href":"https:\/\/www.radiointeractivo.com.mx\/index.php?rest_route=%2Fwp%2Fv2%2Fcategories&post=16239"},{"taxonomy":"post_tag","embeddable":true,"href":"https:\/\/www.radiointeractivo.com.mx\/index.php?rest_route=%2Fwp%2Fv2%2Ftags&post=16239"}],"curies":[{"name":"wp","href":"https:\/\/api.w.org\/{rel}","templated":true}]}}