{"id":1605,"date":"2023-09-11T20:33:55","date_gmt":"2023-09-12T01:33:55","guid":{"rendered":"https:\/\/www.radiointeractivo.com.mx\/?p=1605"},"modified":"2023-09-11T20:33:55","modified_gmt":"2023-09-12T01:33:55","slug":"beneficiaran-dif-tamaulipas-y-desarrollo-rural-a-mil-500-familias-con-la-feria-mercado-de-alimentos-come-bien-vive-bien","status":"publish","type":"post","link":"https:\/\/www.radiointeractivo.com.mx\/?p=1605","title":{"rendered":"Beneficiar\u00e1n DIF Tamaulipas y Desarrollo Rural a mil 500 familias con la Feria Mercado de Alimentos \u201cCome bien, vive bien\u201d"},"content":{"rendered":"\n<ul class=\"wp-block-list\">\n<li>Ambas dependencias firmaron un convenio de colaboraci\u00f3n para llevarla a<br>cabo el pr\u00f3ximo 16 de octubre en el municipio de Reynosa<\/li>\n<\/ul>\n\n\n\n<p>Por: Agencias<\/p>\n\n\n\n<p>Ciudad Victoria, Tamaulipas. Uniendo esfuerzos el Sistema DIF Tamaulipas que preside la doctora Mar\u00eda Santiago de Villarreal, junto a la Secretar\u00eda de Desarrollo Rural, Pesca y Acuacultura, firmaron un convenio de colaboraci\u00f3n con miras a desarrollar la Feria Mercado de Alimentos \u201cCome bien, vive bien\u201d en el municipio de Reynosa, el d\u00eda 16 de octubre del presente a\u00f1o.<\/p>\n\n\n\n<p>Esta actividad se realizar\u00e1 dentro del marco del D\u00eda Mundial de la Alimentaci\u00f3n con el objetivo de beneficiar a mil 500 familias en condiciones de vulnerabilidad, mediante la entrega de paquetes alimentarios a un bajo costo, siendo estos subsidiados hasta en un 75% por el DIF Estatal. Dichos paquetes estar\u00e1n compuestos por insumos de productores regionales, as\u00ed como de art\u00edculos esenciales de la canasta b\u00e1sica.<\/p>\n\n\n\n<p>El convenio de colaboraci\u00f3n lo firmaron, por una parte, el secretario de Desarrollo Rural, Pesca y Acuacultura, D\u00e1maso Leonardo Anaya Alvarado y el director general del Sistema DIF Tamaulipas, Geancarlo Bonetta Cavazos, quien mencion\u00f3 que cada asistente a esa feria recibir\u00e1 adem\u00e1s, una bolsa ecol\u00f3gica que les permitir\u00e1 llevar sus productos y ser\u00e1 reutilizable, ayudando con esto al cuidado del medio ambiente.<\/p>\n","protected":false},"excerpt":{"rendered":"<p>Ambas dependencias firmaron un convenio de colaboraci\u00f3n para llevarla acabo el pr\u00f3ximo 16 de octubre en el municipio de Reynosa Por: Agencias Ciudad Victoria, Tamaulipas. Uniendo esfuerzos el Sistema DIF Tamaulipas que preside la doctora Mar\u00eda Santiago de Villarreal, junto a la Secretar\u00eda de Desarrollo Rural, Pesca y Acuacultura, firmaron un convenio de colaboraci\u00f3n con &hellip;<\/p>\n","protected":false},"author":1,"featured_media":1606,"comment_status":"open","ping_status":"open","sticky":false,"template":"","format":"standard","meta":{"footnotes":""},"categories":[39],"tags":[],"class_list":["post-1605","post","type-post","status-publish","format-standard","has-post-thumbnail","","category-tamaulipas"],"_links":{"self":[{"href":"https:\/\/www.radiointeractivo.com.mx\/index.php?rest_route=\/wp\/v2\/posts\/1605","targetHints":{"allow":["GET"]}}],"collection":[{"href":"https:\/\/www.radiointeractivo.com.mx\/index.php?rest_route=\/wp\/v2\/posts"}],"about":[{"href":"https:\/\/www.radiointeractivo.com.mx\/index.php?rest_route=\/wp\/v2\/types\/post"}],"author":[{"embeddable":true,"href":"https:\/\/www.radiointeractivo.com.mx\/index.php?rest_route=\/wp\/v2\/users\/1"}],"replies":[{"embeddable":true,"href":"https:\/\/www.radiointeractivo.com.mx\/index.php?rest_route=%2Fwp%2Fv2%2Fcomments&post=1605"}],"version-history":[{"count":1,"href":"https:\/\/www.radiointeractivo.com.mx\/index.php?rest_route=\/wp\/v2\/posts\/1605\/revisions"}],"predecessor-version":[{"id":1607,"href":"https:\/\/www.radiointeractivo.com.mx\/index.php?rest_route=\/wp\/v2\/posts\/1605\/revisions\/1607"}],"wp:featuredmedia":[{"embeddable":true,"href":"https:\/\/www.radiointeractivo.com.mx\/index.php?rest_route=\/wp\/v2\/media\/1606"}],"wp:attachment":[{"href":"https:\/\/www.radiointeractivo.com.mx\/index.php?rest_route=%2Fwp%2Fv2%2Fmedia&parent=1605"}],"wp:term":[{"taxonomy":"category","embeddable":true,"href":"https:\/\/www.radiointeractivo.com.mx\/index.php?rest_route=%2Fwp%2Fv2%2Fcategories&post=1605"},{"taxonomy":"post_tag","embeddable":true,"href":"https:\/\/www.radiointeractivo.com.mx\/index.php?rest_route=%2Fwp%2Fv2%2Ftags&post=1605"}],"curies":[{"name":"wp","href":"https:\/\/api.w.org\/{rel}","templated":true}]}}