{"id":16001,"date":"2025-04-23T13:35:43","date_gmt":"2025-04-23T18:35:43","guid":{"rendered":"https:\/\/www.radiointeractivo.com.mx\/?p=16001"},"modified":"2025-04-23T13:35:46","modified_gmt":"2025-04-23T18:35:46","slug":"firman-convenio-para-fomentar-actividades-productivas-en-el-sector-rural-en-el-dia-de-la-tierra","status":"publish","type":"post","link":"https:\/\/www.radiointeractivo.com.mx\/?p=16001","title":{"rendered":"Firman convenio para fomentar actividades productivas en el sector rural en el D\u00eda de la Tierra"},"content":{"rendered":"\n<p>Abril 23 de 2025<\/p>\n\n\n\n<p>Ciudad Victoria, Tamaulipas.- En el marco de la conmemoraci\u00f3n del D\u00eda de la Tierra, la Secretar\u00eda de Desarrollo Rural, Pesca y Acuacultura y la Organizaci\u00f3n Vida Silvestre A.C. celebraron la firma de un convenio de colaboraci\u00f3n con el objetivo de impulsar el desarrollo de actividades productivas sostenibles en el sector rural.<\/p>\n\n\n\n<p>Este convenio tiene como prop\u00f3sito primordial promover estrategias que fortalezcan la sostenibilidad mediante la implementaci\u00f3n de programas de mejores pr\u00e1cticas ganaderas, agr\u00edcolas, pesqueras y forestales.<\/p>\n\n\n\n<p>Asimismo, contempla la incorporaci\u00f3n de Soluciones Basadas en la Naturaleza (SBN), como medidas clave para conservar, restaurar, aprovechar y gestionar de manera responsable los recursos naturales en ecosistemas terrestres, costeros y de agua dulce.<\/p>\n\n\n\n<p>El secretario de Desarrollo Rural, Pesca y Acuacultura, Antonio Varela Flores, dijo que con esta alianza, ambas instituciones reafirman su compromiso con el desarrollo rural sostenible y la protecci\u00f3n del patrimonio natural, contribuyendo a la construcci\u00f3n de un futuro m\u00e1s resilientes y equitativo para las comunidades y los ecosistemas del pa\u00eds.<\/p>\n\n\n\n<p>\u201cEsta colaboraci\u00f3n est\u00e1 encaminada a dise\u00f1ar soluciones en conjunto para afrontar los retos sociales, econ\u00f3micos y ambientales de manera eficaz y adaptativa, buscando el bienestar humano y la prevalencia de los servicios ecosist\u00e9micos del territorio Tamaulipeco\u201d, finaliz\u00f3.<\/p>\n\n\n\n<p>Durante la firma del convenio, estuvieron presentes Sergio Jim\u00e9nez Ledezma, director ejecutivo de Organizaci\u00f3n Vida Silvestre; Karla Logan L\u00f3pez, directora de la oficina Zona Centro de Organizaci\u00f3n Vida Silvestre; Fernando Galicia Zamora, coordinador t\u00e9cnico de la Secretar\u00eda de Desarrollo Rural, Pesca y Acuacultura y Eduardo Maraboto Mart\u00ednez, director de Extensionismo Pecuario.<\/p>\n","protected":false},"excerpt":{"rendered":"<p>Abril 23 de 2025 Ciudad Victoria, Tamaulipas.- En el marco de la conmemoraci\u00f3n del D\u00eda de la Tierra, la Secretar\u00eda de Desarrollo Rural, Pesca y Acuacultura y la Organizaci\u00f3n Vida Silvestre A.C. celebraron la firma de un convenio de colaboraci\u00f3n con el objetivo de impulsar el desarrollo de actividades productivas sostenibles en el sector rural. &hellip;<\/p>\n","protected":false},"author":2,"featured_media":16002,"comment_status":"open","ping_status":"open","sticky":false,"template":"","format":"standard","meta":{"footnotes":""},"categories":[39],"tags":[],"class_list":["post-16001","post","type-post","status-publish","format-standard","has-post-thumbnail","","category-tamaulipas"],"_links":{"self":[{"href":"https:\/\/www.radiointeractivo.com.mx\/index.php?rest_route=\/wp\/v2\/posts\/16001","targetHints":{"allow":["GET"]}}],"collection":[{"href":"https:\/\/www.radiointeractivo.com.mx\/index.php?rest_route=\/wp\/v2\/posts"}],"about":[{"href":"https:\/\/www.radiointeractivo.com.mx\/index.php?rest_route=\/wp\/v2\/types\/post"}],"author":[{"embeddable":true,"href":"https:\/\/www.radiointeractivo.com.mx\/index.php?rest_route=\/wp\/v2\/users\/2"}],"replies":[{"embeddable":true,"href":"https:\/\/www.radiointeractivo.com.mx\/index.php?rest_route=%2Fwp%2Fv2%2Fcomments&post=16001"}],"version-history":[{"count":1,"href":"https:\/\/www.radiointeractivo.com.mx\/index.php?rest_route=\/wp\/v2\/posts\/16001\/revisions"}],"predecessor-version":[{"id":16003,"href":"https:\/\/www.radiointeractivo.com.mx\/index.php?rest_route=\/wp\/v2\/posts\/16001\/revisions\/16003"}],"wp:featuredmedia":[{"embeddable":true,"href":"https:\/\/www.radiointeractivo.com.mx\/index.php?rest_route=\/wp\/v2\/media\/16002"}],"wp:attachment":[{"href":"https:\/\/www.radiointeractivo.com.mx\/index.php?rest_route=%2Fwp%2Fv2%2Fmedia&parent=16001"}],"wp:term":[{"taxonomy":"category","embeddable":true,"href":"https:\/\/www.radiointeractivo.com.mx\/index.php?rest_route=%2Fwp%2Fv2%2Fcategories&post=16001"},{"taxonomy":"post_tag","embeddable":true,"href":"https:\/\/www.radiointeractivo.com.mx\/index.php?rest_route=%2Fwp%2Fv2%2Ftags&post=16001"}],"curies":[{"name":"wp","href":"https:\/\/api.w.org\/{rel}","templated":true}]}}