{"id":15998,"date":"2025-04-23T13:25:46","date_gmt":"2025-04-23T18:25:46","guid":{"rendered":"https:\/\/www.radiointeractivo.com.mx\/?p=15998"},"modified":"2025-04-23T13:25:49","modified_gmt":"2025-04-23T18:25:49","slug":"otorga-gobierno-del-estado-sublicencia-del-sistema-declaranet-a-tampico","status":"publish","type":"post","link":"https:\/\/www.radiointeractivo.com.mx\/?p=15998","title":{"rendered":"Otorga Gobierno del Estado sublicencia del sistema Declaranet a Tampico"},"content":{"rendered":"\n<p>Abril 23 de 2025<\/p>\n\n\n\n<p>Tampico, Tamaulipas.\u2013 La Contralor\u00eda Gubernamental del Estado de Tamaulipas y el Ayuntamiento de Tampico firmaron un convenio de colaboraci\u00f3n para transferir el Sistema de Declaraciones Patrimoniales y de Intereses DECLARANET; dicho convenio fue signado entre la contralora, Norma Ang\u00e9lica Pedraza Melo, en representaci\u00f3n del Gobierno del Estado de Tamaulipas; la presidenta municipal de Tampico, M\u00f3nica Zacil Villarreal Anaya; y el secretario del Ayuntamiento, Carlos Alberto Garc\u00eda Porres.<\/p>\n\n\n\n<p>El objetivo del convenio es otorgar al municipio de Tampico la sublicencia de uso no exclusivo del sistema DECLARANET, a fin de que, el pr\u00f3ximo mes de mayo, el personal que labora en el Ayuntamiento de Tampico presente su declaraci\u00f3n patrimonial y se conviertan en uno de los primeros de los 43 municipios en la entidad en cumplir con esta obligaci\u00f3n.<\/p>\n\n\n\n<p>\u201cEsta plataforma tecnol\u00f3gica facilitar\u00e1 el cumplimiento de la obligaci\u00f3n y generar\u00e1 una base de datos para el futuro; y en una segunda fase, por normativa, las contralor\u00edas tenemos que observar la verificaci\u00f3n y evoluci\u00f3n patrimonial\u201d, dijo la contralora gubernamental, Norma Ang\u00e9lica Pedraza Melo, y a\u00f1adi\u00f3 que estas acciones fortalecen el trabajo de transparencia y rendici\u00f3n de cuentas que las personas servidoras p\u00fablicas tienen hacia el pueblo de Tamaulipas.<\/p>\n\n\n\n<p>\u201cTampico es el primer municipio que se suma a esta estrategia\u201d, dijo la contralora gubernamental, argumentando tambi\u00e9n que, en Tamaulipas, no se traicionan los principios ni al pueblo, como lo ha dicho la presidenta Claudia Sheinbaum y el gobernador Am\u00e9rico Villarreal Anaya.<\/p>\n","protected":false},"excerpt":{"rendered":"<p>Abril 23 de 2025 Tampico, Tamaulipas.\u2013 La Contralor\u00eda Gubernamental del Estado de Tamaulipas y el Ayuntamiento de Tampico firmaron un convenio de colaboraci\u00f3n para transferir el Sistema de Declaraciones Patrimoniales y de Intereses DECLARANET; dicho convenio fue signado entre la contralora, Norma Ang\u00e9lica Pedraza Melo, en representaci\u00f3n del Gobierno del Estado de Tamaulipas; la presidenta &hellip;<\/p>\n","protected":false},"author":2,"featured_media":15999,"comment_status":"open","ping_status":"open","sticky":false,"template":"","format":"standard","meta":{"footnotes":""},"categories":[39],"tags":[],"class_list":["post-15998","post","type-post","status-publish","format-standard","has-post-thumbnail","","category-tamaulipas"],"_links":{"self":[{"href":"https:\/\/www.radiointeractivo.com.mx\/index.php?rest_route=\/wp\/v2\/posts\/15998","targetHints":{"allow":["GET"]}}],"collection":[{"href":"https:\/\/www.radiointeractivo.com.mx\/index.php?rest_route=\/wp\/v2\/posts"}],"about":[{"href":"https:\/\/www.radiointeractivo.com.mx\/index.php?rest_route=\/wp\/v2\/types\/post"}],"author":[{"embeddable":true,"href":"https:\/\/www.radiointeractivo.com.mx\/index.php?rest_route=\/wp\/v2\/users\/2"}],"replies":[{"embeddable":true,"href":"https:\/\/www.radiointeractivo.com.mx\/index.php?rest_route=%2Fwp%2Fv2%2Fcomments&post=15998"}],"version-history":[{"count":1,"href":"https:\/\/www.radiointeractivo.com.mx\/index.php?rest_route=\/wp\/v2\/posts\/15998\/revisions"}],"predecessor-version":[{"id":16000,"href":"https:\/\/www.radiointeractivo.com.mx\/index.php?rest_route=\/wp\/v2\/posts\/15998\/revisions\/16000"}],"wp:featuredmedia":[{"embeddable":true,"href":"https:\/\/www.radiointeractivo.com.mx\/index.php?rest_route=\/wp\/v2\/media\/15999"}],"wp:attachment":[{"href":"https:\/\/www.radiointeractivo.com.mx\/index.php?rest_route=%2Fwp%2Fv2%2Fmedia&parent=15998"}],"wp:term":[{"taxonomy":"category","embeddable":true,"href":"https:\/\/www.radiointeractivo.com.mx\/index.php?rest_route=%2Fwp%2Fv2%2Fcategories&post=15998"},{"taxonomy":"post_tag","embeddable":true,"href":"https:\/\/www.radiointeractivo.com.mx\/index.php?rest_route=%2Fwp%2Fv2%2Ftags&post=15998"}],"curies":[{"name":"wp","href":"https:\/\/api.w.org\/{rel}","templated":true}]}}