{"id":15917,"date":"2025-04-20T22:06:45","date_gmt":"2025-04-21T03:06:45","guid":{"rendered":"https:\/\/www.radiointeractivo.com.mx\/?p=15917"},"modified":"2025-04-20T22:06:46","modified_gmt":"2025-04-21T03:06:46","slug":"celebran-pascua-cientos-de-familias-neolaredenses-en-espacios-publicos-dignos-reportan-saldo-blanco","status":"publish","type":"post","link":"https:\/\/www.radiointeractivo.com.mx\/?p=15917","title":{"rendered":"CELEBRAN PASCUA CIENTOS DE FAMILIAS NEOLAREDENSES EN ESPACIOS P\u00daBLICOS DIGNOS; REPORTAN SALDO BLANCO"},"content":{"rendered":"\n<figure class=\"wp-block-image size-large\"><img loading=\"lazy\" decoding=\"async\" width=\"1024\" height=\"683\" src=\"https:\/\/www.radiointeractivo.com.mx\/wp-content\/uploads\/2025\/04\/WhatsApp-Image-2025-04-20-at-8.37.10-PM-2-1024x683.jpeg\" alt=\"\" class=\"wp-image-15918\" srcset=\"https:\/\/www.radiointeractivo.com.mx\/wp-content\/uploads\/2025\/04\/WhatsApp-Image-2025-04-20-at-8.37.10-PM-2-1024x683.jpeg 1024w, https:\/\/www.radiointeractivo.com.mx\/wp-content\/uploads\/2025\/04\/WhatsApp-Image-2025-04-20-at-8.37.10-PM-2-300x200.jpeg 300w, https:\/\/www.radiointeractivo.com.mx\/wp-content\/uploads\/2025\/04\/WhatsApp-Image-2025-04-20-at-8.37.10-PM-2-768x513.jpeg 768w, https:\/\/www.radiointeractivo.com.mx\/wp-content\/uploads\/2025\/04\/WhatsApp-Image-2025-04-20-at-8.37.10-PM-2.jpeg 1440w\" sizes=\"auto, (max-width: 1024px) 100vw, 1024px\" \/><\/figure>\n\n\n\n<p>Por: Staff | #NuevoLaredo #Laredo #NLD #Tamaulipas<\/p>\n\n\n\n<p>Entre el olor a carne asada, cascarones multicolor, confeti, espuma y mucha diversi\u00f3n, cientos de familias neolaredenses acudieron a disfrutar de los espacios p\u00fablicos de la ciudad para celebrar el domingo de pascua, que al cierre de esta edici\u00f3n, se reportaba con saldo blanco.<\/p>\n\n\n\n<p>Los ciudadanos que se dieron cita en parques y plazas municipales, destacaron la limpieza, seguridad y organizaci\u00f3n con la que fueron recibidos en \u00e1reas como el Parque Viveros y dem\u00e1s plazas recreativas.<\/p>\n\n\n\n<p>Los asistentes reconocieron la inversi\u00f3n y el trabajo del Gobierno Municipal encabezado por la presidenta Carmen Lilia Canturosas Villarreal, quien ha priorizado la rehabilitaci\u00f3n y mantenimiento de los espacios p\u00fablicos, permitiendo que las familias puedan convivir en un entorno seguro, limpio y digno.<\/p>\n\n\n\n<p>\u201cHasta ahorita todo muy bien, muy en orden, muy organizado. Ojal\u00e1 y siga as\u00ed, sobre todo la limpieza. Tambi\u00e9n es importante que como ciudadanos cuidemos nuestros parques y plazas\u201d, coment\u00f3 Humberto, ciudadano que acudi\u00f3 con su familia a celebrar el d\u00eda.<\/p>\n\n\n\n<p>Jessica Hern\u00e1ndez, visitante del Parque Viveros, expres\u00f3 su satisfacci\u00f3n por las condiciones del lugar.<\/p>\n\n\n\n<p>\u201cEstaba muy limpio, incluso nos dieron bolsas negras para la basura. Todos est\u00e1bamos cooperando para mantener limpio. Tambi\u00e9n notamos mucha seguridad, hay polic\u00edas, bomberos, tr\u00e1nsito, letrinas y todo lo necesario. Est\u00e1 c\u00f3modo y tranquilo para pasar el d\u00eda en familia.\u201d<\/p>\n\n\n\n<p>Desde temprana hora, familias comenzaron a ocupar los espacios disponibles, encontrando \u00e1reas verdes bien cuidadas y sin apartados indebidos. La ciudadan\u00eda reconoci\u00f3 tambi\u00e9n el trabajo del personal de vigilancia, limpieza y log\u00edstica, quienes desde temprano garantizaron una estancia ordenada y segura.<\/p>\n\n\n\n<p>Los asistentes destacaron el operativo de seguridad implementado por Protecci\u00f3n Civil y Bomberos, Tr\u00e1nsito y Vialidad y Guardia Municipal as\u00ed como la oportuna instalaci\u00f3n de ba\u00f1os port\u00e1tiles y centros de mando.<\/p>\n\n\n\n<p>Estas acciones reflejan el compromiso del Gobierno Municipal por brindar a la comunidad espacios de calidad para el esparcimiento familiar, promoviendo al mismo tiempo una cultura de limpieza, orden y respeto por el entorno.<\/p>\n\n\n\n<p>Desde muy temprano, familias completas llenaron espacios como el Parque Mendoza, Palapas del CIITEV, El Patinadero, Parque Viveros y el Laguito.<\/p>\n","protected":false},"excerpt":{"rendered":"<p>Por: Staff | #NuevoLaredo #Laredo #NLD #Tamaulipas Entre el olor a carne asada, cascarones multicolor, confeti, espuma y mucha diversi\u00f3n, cientos de familias neolaredenses acudieron a disfrutar de los espacios p\u00fablicos de la ciudad para celebrar el domingo de pascua, que al cierre de esta edici\u00f3n, se reportaba con saldo blanco. Los ciudadanos que se &hellip;<\/p>\n","protected":false},"author":1,"featured_media":15918,"comment_status":"open","ping_status":"open","sticky":false,"template":"","format":"standard","meta":{"footnotes":""},"categories":[38],"tags":[],"class_list":["post-15917","post","type-post","status-publish","format-standard","has-post-thumbnail","","category-nuevo-laredo"],"_links":{"self":[{"href":"https:\/\/www.radiointeractivo.com.mx\/index.php?rest_route=\/wp\/v2\/posts\/15917","targetHints":{"allow":["GET"]}}],"collection":[{"href":"https:\/\/www.radiointeractivo.com.mx\/index.php?rest_route=\/wp\/v2\/posts"}],"about":[{"href":"https:\/\/www.radiointeractivo.com.mx\/index.php?rest_route=\/wp\/v2\/types\/post"}],"author":[{"embeddable":true,"href":"https:\/\/www.radiointeractivo.com.mx\/index.php?rest_route=\/wp\/v2\/users\/1"}],"replies":[{"embeddable":true,"href":"https:\/\/www.radiointeractivo.com.mx\/index.php?rest_route=%2Fwp%2Fv2%2Fcomments&post=15917"}],"version-history":[{"count":1,"href":"https:\/\/www.radiointeractivo.com.mx\/index.php?rest_route=\/wp\/v2\/posts\/15917\/revisions"}],"predecessor-version":[{"id":15919,"href":"https:\/\/www.radiointeractivo.com.mx\/index.php?rest_route=\/wp\/v2\/posts\/15917\/revisions\/15919"}],"wp:featuredmedia":[{"embeddable":true,"href":"https:\/\/www.radiointeractivo.com.mx\/index.php?rest_route=\/wp\/v2\/media\/15918"}],"wp:attachment":[{"href":"https:\/\/www.radiointeractivo.com.mx\/index.php?rest_route=%2Fwp%2Fv2%2Fmedia&parent=15917"}],"wp:term":[{"taxonomy":"category","embeddable":true,"href":"https:\/\/www.radiointeractivo.com.mx\/index.php?rest_route=%2Fwp%2Fv2%2Fcategories&post=15917"},{"taxonomy":"post_tag","embeddable":true,"href":"https:\/\/www.radiointeractivo.com.mx\/index.php?rest_route=%2Fwp%2Fv2%2Ftags&post=15917"}],"curies":[{"name":"wp","href":"https:\/\/api.w.org\/{rel}","templated":true}]}}