{"id":15914,"date":"2025-04-20T22:02:24","date_gmt":"2025-04-21T03:02:24","guid":{"rendered":"https:\/\/www.radiointeractivo.com.mx\/?p=15914"},"modified":"2025-04-20T22:02:25","modified_gmt":"2025-04-21T03:02:25","slug":"invitan-a-conversatorio-sobre-elena-poniatowska-contara-con-la-presencia-virtual-de-la-escritora","status":"publish","type":"post","link":"https:\/\/www.radiointeractivo.com.mx\/?p=15914","title":{"rendered":"Invitan a conversatorio sobre Elena Poniatowska; contar\u00e1 con la presencia virtual de la escritora"},"content":{"rendered":"\n<figure class=\"wp-block-image size-large\"><img loading=\"lazy\" decoding=\"async\" width=\"1024\" height=\"576\" src=\"https:\/\/www.radiointeractivo.com.mx\/wp-content\/uploads\/2025\/04\/WhatsApp-Image-2025-04-20-at-1.48.26-PM-1024x576.jpeg\" alt=\"\" class=\"wp-image-15915\" srcset=\"https:\/\/www.radiointeractivo.com.mx\/wp-content\/uploads\/2025\/04\/WhatsApp-Image-2025-04-20-at-1.48.26-PM-1024x576.jpeg 1024w, https:\/\/www.radiointeractivo.com.mx\/wp-content\/uploads\/2025\/04\/WhatsApp-Image-2025-04-20-at-1.48.26-PM-300x169.jpeg 300w, https:\/\/www.radiointeractivo.com.mx\/wp-content\/uploads\/2025\/04\/WhatsApp-Image-2025-04-20-at-1.48.26-PM-768x432.jpeg 768w, https:\/\/www.radiointeractivo.com.mx\/wp-content\/uploads\/2025\/04\/WhatsApp-Image-2025-04-20-at-1.48.26-PM-1536x864.jpeg 1536w, https:\/\/www.radiointeractivo.com.mx\/wp-content\/uploads\/2025\/04\/WhatsApp-Image-2025-04-20-at-1.48.26-PM.jpeg 1600w\" sizes=\"auto, (max-width: 1024px) 100vw, 1024px\" \/><\/figure>\n\n\n\n<p>Por: Staff | #NuevoLaredo #Laredo #NLD #Tamaulipas<\/p>\n\n\n\n<p>El Gobierno Municipal de Nuevo Laredo invita a la comunidad en general a celebrar el cumplea\u00f1os 93 de la escritora mexicana Elena Poniatowska en la Infoteca municipal \u201cSor Juana In\u00e9s de la Cruz\u201d, ubicada en Eva S\u00e1mano y Villagr\u00e1n, colonia la Fe.<\/p>\n\n\n\n<p>La actividad se llevar\u00e1 a cabo el 19 de mayo de 2025, a las 4:00 de la tarde y consistir\u00e1 en un conversatorio sobre la vida y obra de la autora, a cargo de seis escritoras de los Dos Laredos.<\/p>\n\n\n\n<p>Por parte de la vecina ciudad participar\u00e1n Malena Charur, Rosa Mar\u00eda De Llano y Norma Cant\u00fa; y por Nuevo Laredo estar\u00e1n presentes Juana Elia Puente, Cynthia Rodr\u00edguez Leija y Chela Salazar.<\/p>\n\n\n\n<p>Cabe destacar que se contar\u00e1 con la presencia virtual de la escritora homenajeada, en tiempo real, desde la Ciudad de M\u00e9xico, con quien los asistentes podr\u00e1n interactuar e intercambiar preguntas al concluir la actividad.<\/p>\n\n\n\n<p>Elena Poniatowska es una destacada escritora, periodista y profesora mexicana.<\/p>\n\n\n\n<p>Naci\u00f3 en Par\u00eds el 19 de mayo de 1932 y fue registrada como H\u00e9l\u00e9ne Elizabeth Louise Amelie Paula Dolores Poniatowska Amor.<\/p>\n\n\n\n<p>Hija de una madre mexicana y un padre franc\u00e9s de origen polaco, emigr\u00f3 a M\u00e9xico con su madre y hermana a los diez a\u00f1os, debido a la Segunda Guerra Mundial.<\/p>\n\n\n\n<p>Tras emigrar a M\u00e9xico en 1942, se nacionaliz\u00f3 en 1969 y desarroll\u00f3 una extensa carrera en la literatura y el periodismo en 1953.<\/p>\n\n\n\n<p>Ha escrito cuentos, poes\u00eda, ensayos, cr\u00f3nicas y libros para ni\u00f1os que han sido traducidos a diversos idiomas y se caracterizan por enfocarse en personajes de la vida cotidiana, adem\u00e1s de su compromiso social y su atenci\u00f3n a la realidad mexicana, especialmente a la de los marginados y olvidados.<\/p>\n\n\n\n<p>Fue profesora de literatura y periodismo en el Instituto Kair\u00f3s y en la Universidad Nacional Aut\u00f3noma de M\u00e9xico (UNAM). Fue socia fundadora de la Cineteca Nacional y de la editorial Siglo XXI. Entre diversos premios y reconocimientos que ha obtenido destaca el Premio Cervantes en 2013.<\/p>\n\n\n\n<p>Algunas de sus grandes obras son &#8220;Hasta no verte, Jes\u00fas m\u00edo&#8221; (1970), &#8220;La noche de Tlatelolco&#8221; (1971), &#8220;Querido Diego, te abraza Quiela&#8221; (1978) y &#8220;La piel del cielo&#8221; (2001).<\/p>\n\n\n\n<p>En 2007 el Gobierno de la Ciudad de M\u00e9xico instituy\u00f3 un premio literario que lleva su nombre, en reconocimiento a su trayectoria.<\/p>\n","protected":false},"excerpt":{"rendered":"<p>Por: Staff | #NuevoLaredo #Laredo #NLD #Tamaulipas El Gobierno Municipal de Nuevo Laredo invita a la comunidad en general a celebrar el cumplea\u00f1os 93 de la escritora mexicana Elena Poniatowska en la Infoteca municipal \u201cSor Juana In\u00e9s de la Cruz\u201d, ubicada en Eva S\u00e1mano y Villagr\u00e1n, colonia la Fe. La actividad se llevar\u00e1 a cabo &hellip;<\/p>\n","protected":false},"author":1,"featured_media":15915,"comment_status":"open","ping_status":"open","sticky":false,"template":"","format":"standard","meta":{"footnotes":""},"categories":[38],"tags":[],"class_list":["post-15914","post","type-post","status-publish","format-standard","has-post-thumbnail","","category-nuevo-laredo"],"_links":{"self":[{"href":"https:\/\/www.radiointeractivo.com.mx\/index.php?rest_route=\/wp\/v2\/posts\/15914","targetHints":{"allow":["GET"]}}],"collection":[{"href":"https:\/\/www.radiointeractivo.com.mx\/index.php?rest_route=\/wp\/v2\/posts"}],"about":[{"href":"https:\/\/www.radiointeractivo.com.mx\/index.php?rest_route=\/wp\/v2\/types\/post"}],"author":[{"embeddable":true,"href":"https:\/\/www.radiointeractivo.com.mx\/index.php?rest_route=\/wp\/v2\/users\/1"}],"replies":[{"embeddable":true,"href":"https:\/\/www.radiointeractivo.com.mx\/index.php?rest_route=%2Fwp%2Fv2%2Fcomments&post=15914"}],"version-history":[{"count":1,"href":"https:\/\/www.radiointeractivo.com.mx\/index.php?rest_route=\/wp\/v2\/posts\/15914\/revisions"}],"predecessor-version":[{"id":15916,"href":"https:\/\/www.radiointeractivo.com.mx\/index.php?rest_route=\/wp\/v2\/posts\/15914\/revisions\/15916"}],"wp:featuredmedia":[{"embeddable":true,"href":"https:\/\/www.radiointeractivo.com.mx\/index.php?rest_route=\/wp\/v2\/media\/15915"}],"wp:attachment":[{"href":"https:\/\/www.radiointeractivo.com.mx\/index.php?rest_route=%2Fwp%2Fv2%2Fmedia&parent=15914"}],"wp:term":[{"taxonomy":"category","embeddable":true,"href":"https:\/\/www.radiointeractivo.com.mx\/index.php?rest_route=%2Fwp%2Fv2%2Fcategories&post=15914"},{"taxonomy":"post_tag","embeddable":true,"href":"https:\/\/www.radiointeractivo.com.mx\/index.php?rest_route=%2Fwp%2Fv2%2Ftags&post=15914"}],"curies":[{"name":"wp","href":"https:\/\/api.w.org\/{rel}","templated":true}]}}