{"id":15908,"date":"2025-04-20T21:53:54","date_gmt":"2025-04-21T02:53:54","guid":{"rendered":"https:\/\/www.radiointeractivo.com.mx\/?p=15908"},"modified":"2025-04-20T21:53:56","modified_gmt":"2025-04-21T02:53:56","slug":"comapa-nuevo-laredo-exhorta-a-la-ciudadania-a-cuidar-el-agua-en-esta-semana-santa","status":"publish","type":"post","link":"https:\/\/www.radiointeractivo.com.mx\/?p=15908","title":{"rendered":"COMAPA NUEVO LAREDO EXHORTA A LA CIUDADAN\u00cdA A CUIDAR EL AGUA EN ESTA SEMANA SANTA"},"content":{"rendered":"\n<figure class=\"wp-block-image size-large\"><img loading=\"lazy\" decoding=\"async\" width=\"1024\" height=\"573\" src=\"https:\/\/www.radiointeractivo.com.mx\/wp-content\/uploads\/2025\/04\/WhatsApp-Image-2025-04-19-at-2.11.46-PM-1-1024x573.jpeg\" alt=\"\" class=\"wp-image-15909\" srcset=\"https:\/\/www.radiointeractivo.com.mx\/wp-content\/uploads\/2025\/04\/WhatsApp-Image-2025-04-19-at-2.11.46-PM-1-1024x573.jpeg 1024w, https:\/\/www.radiointeractivo.com.mx\/wp-content\/uploads\/2025\/04\/WhatsApp-Image-2025-04-19-at-2.11.46-PM-1-300x168.jpeg 300w, https:\/\/www.radiointeractivo.com.mx\/wp-content\/uploads\/2025\/04\/WhatsApp-Image-2025-04-19-at-2.11.46-PM-1-768x430.jpeg 768w, https:\/\/www.radiointeractivo.com.mx\/wp-content\/uploads\/2025\/04\/WhatsApp-Image-2025-04-19-at-2.11.46-PM-1-1536x860.jpeg 1536w, https:\/\/www.radiointeractivo.com.mx\/wp-content\/uploads\/2025\/04\/WhatsApp-Image-2025-04-19-at-2.11.46-PM-1.jpeg 1600w\" sizes=\"auto, (max-width: 1024px) 100vw, 1024px\" \/><\/figure>\n\n\n\n<p>Por: Staff | #NuevoLaredo #Laredo #NLD #Tamaulipas<\/p>\n\n\n\n<p>La Comisi\u00f3n Municipal de Agua Potable y Alcantarillado (COMAPA) de Nuevo Laredo hace un llamado a la conciencia y responsabilidad de todos los ciudadanos para cuidar el agua, especialmente durante este fin de semana de celebraciones, en el que tradicionalmente se desperdicia el vital l\u00edquido.<\/p>\n\n\n\n<p>Silvia Fern\u00e1ndez Gallardo, gerente general de COMAPA Nuevo Laredo, exhort\u00f3 a la comunidad a evitar pr\u00e1cticas que derrochan agua, como el uso de globos con agua, pistolas de juguete o el tradicional &#8220;aventarse agua&#8221; entre personas.<\/p>\n\n\n\n<p>\u201cInvitamos a los ciudadanos a hacer un uso racional del agua. Veamos los niveles del r\u00edo; no podemos darnos el lujo de desperdiciarla. Por favor, no llenemos globos con agua para aventar, usemos el recurso de manera responsable y consciente\u201d, expres\u00f3 Fern\u00e1ndez Gallardo.<\/p>\n\n\n\n<p>Ante las condiciones actuales y los retos que enfrenta la regi\u00f3n en cuanto al abastecimiento del recurso, la gerente subray\u00f3 la importancia de tomar conciencia sobre el uso responsable del agua potable, recordando que cada gota cuenta.<\/p>\n\n\n\n<p>COMAPA Nuevo Laredo reafirma su compromiso con el bienestar de la comunidad y con la sustentabilidad del recurso h\u00eddrico. Se invita a la ciudadan\u00eda a celebrar con responsabilidad y a fomentar una cultura del cuidado del agua en cada hogar.<\/p>\n","protected":false},"excerpt":{"rendered":"<p>Por: Staff | #NuevoLaredo #Laredo #NLD #Tamaulipas La Comisi\u00f3n Municipal de Agua Potable y Alcantarillado (COMAPA) de Nuevo Laredo hace un llamado a la conciencia y responsabilidad de todos los ciudadanos para cuidar el agua, especialmente durante este fin de semana de celebraciones, en el que tradicionalmente se desperdicia el vital l\u00edquido. Silvia Fern\u00e1ndez Gallardo, &hellip;<\/p>\n","protected":false},"author":1,"featured_media":15909,"comment_status":"open","ping_status":"open","sticky":false,"template":"","format":"standard","meta":{"footnotes":""},"categories":[38],"tags":[],"class_list":["post-15908","post","type-post","status-publish","format-standard","has-post-thumbnail","","category-nuevo-laredo"],"_links":{"self":[{"href":"https:\/\/www.radiointeractivo.com.mx\/index.php?rest_route=\/wp\/v2\/posts\/15908","targetHints":{"allow":["GET"]}}],"collection":[{"href":"https:\/\/www.radiointeractivo.com.mx\/index.php?rest_route=\/wp\/v2\/posts"}],"about":[{"href":"https:\/\/www.radiointeractivo.com.mx\/index.php?rest_route=\/wp\/v2\/types\/post"}],"author":[{"embeddable":true,"href":"https:\/\/www.radiointeractivo.com.mx\/index.php?rest_route=\/wp\/v2\/users\/1"}],"replies":[{"embeddable":true,"href":"https:\/\/www.radiointeractivo.com.mx\/index.php?rest_route=%2Fwp%2Fv2%2Fcomments&post=15908"}],"version-history":[{"count":1,"href":"https:\/\/www.radiointeractivo.com.mx\/index.php?rest_route=\/wp\/v2\/posts\/15908\/revisions"}],"predecessor-version":[{"id":15910,"href":"https:\/\/www.radiointeractivo.com.mx\/index.php?rest_route=\/wp\/v2\/posts\/15908\/revisions\/15910"}],"wp:featuredmedia":[{"embeddable":true,"href":"https:\/\/www.radiointeractivo.com.mx\/index.php?rest_route=\/wp\/v2\/media\/15909"}],"wp:attachment":[{"href":"https:\/\/www.radiointeractivo.com.mx\/index.php?rest_route=%2Fwp%2Fv2%2Fmedia&parent=15908"}],"wp:term":[{"taxonomy":"category","embeddable":true,"href":"https:\/\/www.radiointeractivo.com.mx\/index.php?rest_route=%2Fwp%2Fv2%2Fcategories&post=15908"},{"taxonomy":"post_tag","embeddable":true,"href":"https:\/\/www.radiointeractivo.com.mx\/index.php?rest_route=%2Fwp%2Fv2%2Ftags&post=15908"}],"curies":[{"name":"wp","href":"https:\/\/api.w.org\/{rel}","templated":true}]}}