{"id":15901,"date":"2025-04-18T18:50:12","date_gmt":"2025-04-18T23:50:12","guid":{"rendered":"https:\/\/www.radiointeractivo.com.mx\/?p=15901"},"modified":"2025-04-18T18:50:14","modified_gmt":"2025-04-18T23:50:14","slug":"anuncian-sistema-dif-y-gobierno-municipal-festival-del-dia-de-la-nina-y-el-nino-2025-en-nuevo-laredo","status":"publish","type":"post","link":"https:\/\/www.radiointeractivo.com.mx\/?p=15901","title":{"rendered":"ANUNCIAN SISTEMA DIF Y GOBIERNO MUNICIPAL FESTIVAL DEL D\u00cdA DE LA NI\u00d1A Y EL NI\u00d1O 2025 EN NUEVO LAREDO"},"content":{"rendered":"\n<figure class=\"wp-block-image size-large\"><img loading=\"lazy\" decoding=\"async\" width=\"1024\" height=\"682\" src=\"https:\/\/www.radiointeractivo.com.mx\/wp-content\/uploads\/2025\/04\/WhatsApp-Image-2025-04-18-at-3.13.22-PM-1024x682.jpeg\" alt=\"\" class=\"wp-image-15902\" srcset=\"https:\/\/www.radiointeractivo.com.mx\/wp-content\/uploads\/2025\/04\/WhatsApp-Image-2025-04-18-at-3.13.22-PM-1024x682.jpeg 1024w, https:\/\/www.radiointeractivo.com.mx\/wp-content\/uploads\/2025\/04\/WhatsApp-Image-2025-04-18-at-3.13.22-PM-300x200.jpeg 300w, https:\/\/www.radiointeractivo.com.mx\/wp-content\/uploads\/2025\/04\/WhatsApp-Image-2025-04-18-at-3.13.22-PM-768x512.jpeg 768w, https:\/\/www.radiointeractivo.com.mx\/wp-content\/uploads\/2025\/04\/WhatsApp-Image-2025-04-18-at-3.13.22-PM-310x205.jpeg 310w, https:\/\/www.radiointeractivo.com.mx\/wp-content\/uploads\/2025\/04\/WhatsApp-Image-2025-04-18-at-3.13.22-PM.jpeg 1280w\" sizes=\"auto, (max-width: 1024px) 100vw, 1024px\" \/><\/figure>\n\n\n\n<p>Por: Staff | #NuevoLaredo #Laredo #NLD #Tamaulipas<\/p>\n\n\n\n<p>Con el objetivo de celebrar a las ni\u00f1as y los ni\u00f1os de Nuevo Laredo, el Sistema para el Desarrollo Integral de la Familia (DIF) y el Gobierno Municipal anunciaron los detalles del tradicional Festival del D\u00eda de la Ni\u00f1a y el Ni\u00f1o 2025, una gran fiesta familiar que tendr\u00e1 lugar el s\u00e1bado 26 de abril en el Parque Viveros, en un horario de 12:00 del mediod\u00eda a 5:00 de la tarde, con entrada completamente libre.<\/p>\n\n\n\n<p>Claudette Canturosas Villarreal, presidenta del Sistema DIF, invit\u00f3 a todas las familias a sumarse a esta celebraci\u00f3n pensada especialmente para los m\u00e1s peque\u00f1os, y destac\u00f3 que el festival refleja el compromiso de la administraci\u00f3n municipal con el bienestar, la inclusi\u00f3n y la sana convivencia.<\/p>\n\n\n\n<p>\u201cQueremos que cada ni\u00f1a y cada ni\u00f1o se sienta especial, valorado y feliz. Este festival es una muestra del amor con el que trabajamos todos los d\u00edas desde el DIF, y tambi\u00e9n es un espacio para que las familias convivan, se integren y disfruten juntas. Los esperamos con los brazos abiertos para vivir una tarde m\u00e1gica y llena de sonrisas\u201d, expres\u00f3.<\/p>\n\n\n\n<p>Agreg\u00f3 que este evento forma parte del compromiso de la alcaldesa Carmen Lilia Canturosas Villarreal con las familias neolaredenses, brindando espacios que fomentan la uni\u00f3n, la recreaci\u00f3n y el desarrollo integral de la ni\u00f1ez.<\/p>\n\n\n\n<p>Durante el festival, las familias podr\u00e1n disfrutar de un ambiente lleno de alegr\u00eda y diversi\u00f3n con shows en vivo, juegos mec\u00e1nicos, pintacaritas, actividades sensoriales, de motricidad y destreza, as\u00ed como una loter\u00eda infantil de nutrici\u00f3n, activaci\u00f3n f\u00edsica y muchas sorpresas m\u00e1s. Adem\u00e1s, habr\u00e1 brincolines, paseos en trenecito y una zona de juegos especial para ni\u00f1as y ni\u00f1os en etapa maternal.<\/p>\n","protected":false},"excerpt":{"rendered":"<p>Por: Staff | #NuevoLaredo #Laredo #NLD #Tamaulipas Con el objetivo de celebrar a las ni\u00f1as y los ni\u00f1os de Nuevo Laredo, el Sistema para el Desarrollo Integral de la Familia (DIF) y el Gobierno Municipal anunciaron los detalles del tradicional Festival del D\u00eda de la Ni\u00f1a y el Ni\u00f1o 2025, una gran fiesta familiar que &hellip;<\/p>\n","protected":false},"author":1,"featured_media":15902,"comment_status":"open","ping_status":"open","sticky":false,"template":"","format":"standard","meta":{"footnotes":""},"categories":[38],"tags":[],"class_list":["post-15901","post","type-post","status-publish","format-standard","has-post-thumbnail","","category-nuevo-laredo"],"_links":{"self":[{"href":"https:\/\/www.radiointeractivo.com.mx\/index.php?rest_route=\/wp\/v2\/posts\/15901","targetHints":{"allow":["GET"]}}],"collection":[{"href":"https:\/\/www.radiointeractivo.com.mx\/index.php?rest_route=\/wp\/v2\/posts"}],"about":[{"href":"https:\/\/www.radiointeractivo.com.mx\/index.php?rest_route=\/wp\/v2\/types\/post"}],"author":[{"embeddable":true,"href":"https:\/\/www.radiointeractivo.com.mx\/index.php?rest_route=\/wp\/v2\/users\/1"}],"replies":[{"embeddable":true,"href":"https:\/\/www.radiointeractivo.com.mx\/index.php?rest_route=%2Fwp%2Fv2%2Fcomments&post=15901"}],"version-history":[{"count":1,"href":"https:\/\/www.radiointeractivo.com.mx\/index.php?rest_route=\/wp\/v2\/posts\/15901\/revisions"}],"predecessor-version":[{"id":15903,"href":"https:\/\/www.radiointeractivo.com.mx\/index.php?rest_route=\/wp\/v2\/posts\/15901\/revisions\/15903"}],"wp:featuredmedia":[{"embeddable":true,"href":"https:\/\/www.radiointeractivo.com.mx\/index.php?rest_route=\/wp\/v2\/media\/15902"}],"wp:attachment":[{"href":"https:\/\/www.radiointeractivo.com.mx\/index.php?rest_route=%2Fwp%2Fv2%2Fmedia&parent=15901"}],"wp:term":[{"taxonomy":"category","embeddable":true,"href":"https:\/\/www.radiointeractivo.com.mx\/index.php?rest_route=%2Fwp%2Fv2%2Fcategories&post=15901"},{"taxonomy":"post_tag","embeddable":true,"href":"https:\/\/www.radiointeractivo.com.mx\/index.php?rest_route=%2Fwp%2Fv2%2Ftags&post=15901"}],"curies":[{"name":"wp","href":"https:\/\/api.w.org\/{rel}","templated":true}]}}