{"id":15869,"date":"2025-04-16T13:06:39","date_gmt":"2025-04-16T18:06:39","guid":{"rendered":"https:\/\/www.radiointeractivo.com.mx\/?p=15869"},"modified":"2025-04-16T13:06:40","modified_gmt":"2025-04-16T18:06:40","slug":"ampliaran-horarios-de-zoologico-de-nuevo-laredo-por-semana-santa","status":"publish","type":"post","link":"https:\/\/www.radiointeractivo.com.mx\/?p=15869","title":{"rendered":"AMPLIAR\u00c1N HORARIOS DE ZOOL\u00d3GICO DE NUEVO LAREDO POR SEMANA SANTA"},"content":{"rendered":"\n<figure class=\"wp-block-image size-full\"><img loading=\"lazy\" decoding=\"async\" width=\"878\" height=\"878\" src=\"https:\/\/www.radiointeractivo.com.mx\/wp-content\/uploads\/2025\/04\/WhatsApp-Image-2025-04-16-at-12.33.25-PM.jpeg\" alt=\"\" class=\"wp-image-15870\" srcset=\"https:\/\/www.radiointeractivo.com.mx\/wp-content\/uploads\/2025\/04\/WhatsApp-Image-2025-04-16-at-12.33.25-PM.jpeg 878w, https:\/\/www.radiointeractivo.com.mx\/wp-content\/uploads\/2025\/04\/WhatsApp-Image-2025-04-16-at-12.33.25-PM-300x300.jpeg 300w, https:\/\/www.radiointeractivo.com.mx\/wp-content\/uploads\/2025\/04\/WhatsApp-Image-2025-04-16-at-12.33.25-PM-150x150.jpeg 150w, https:\/\/www.radiointeractivo.com.mx\/wp-content\/uploads\/2025\/04\/WhatsApp-Image-2025-04-16-at-12.33.25-PM-768x768.jpeg 768w\" sizes=\"auto, (max-width: 878px) 100vw, 878px\" \/><\/figure>\n\n\n\n<p>Por: Staff | #NuevoLaredo #Laredo #NLD #Tamaulipas<\/p>\n\n\n\n<p>El Gobierno Municipal de Nuevo Laredo informa a la ciudadan\u00eda que, con motivo del periodo vacacional de Semana Santa, el Zool\u00f3gico de la ciudad ampliar\u00e1 su horario de atenci\u00f3n de jueves a domingo, operando de 11:00 de la ma\u00f1ana a 8:00 de la noche.<\/p>\n\n\n\n<p>Esta medida tiene como objetivo brindar a las familias neolaredenses m\u00e1s tiempo para disfrutar de uno de los espacios p\u00fablicos m\u00e1s emblem\u00e1ticos y atractivos de la ciudad.<\/p>\n\n\n\n<p>Adem\u00e1s, durante el s\u00e1bado y domingo de Pascua, los visitantes podr\u00e1n disfrutar de interacciones especiales con algunas de las especies del zool\u00f3gico, actividades que estar\u00e1n sujetas a las condiciones del ejemplar y a cupo limitado, priorizando siempre el bienestar animal.<\/p>\n\n\n\n<p>Esta acci\u00f3n forma parte de la estrategia del Gobierno Municipal para ofrecer espacios p\u00fablicos dignos, seguros y en \u00f3ptimas condiciones, fomentando la sana convivencia y el esparcimiento de las familias durante estas vacaciones.<\/p>\n","protected":false},"excerpt":{"rendered":"<p>Por: Staff | #NuevoLaredo #Laredo #NLD #Tamaulipas El Gobierno Municipal de Nuevo Laredo informa a la ciudadan\u00eda que, con motivo del periodo vacacional de Semana Santa, el Zool\u00f3gico de la ciudad ampliar\u00e1 su horario de atenci\u00f3n de jueves a domingo, operando de 11:00 de la ma\u00f1ana a 8:00 de la noche. Esta medida tiene como &hellip;<\/p>\n","protected":false},"author":1,"featured_media":15870,"comment_status":"open","ping_status":"open","sticky":false,"template":"","format":"standard","meta":{"footnotes":""},"categories":[38],"tags":[],"class_list":["post-15869","post","type-post","status-publish","format-standard","has-post-thumbnail","","category-nuevo-laredo"],"_links":{"self":[{"href":"https:\/\/www.radiointeractivo.com.mx\/index.php?rest_route=\/wp\/v2\/posts\/15869","targetHints":{"allow":["GET"]}}],"collection":[{"href":"https:\/\/www.radiointeractivo.com.mx\/index.php?rest_route=\/wp\/v2\/posts"}],"about":[{"href":"https:\/\/www.radiointeractivo.com.mx\/index.php?rest_route=\/wp\/v2\/types\/post"}],"author":[{"embeddable":true,"href":"https:\/\/www.radiointeractivo.com.mx\/index.php?rest_route=\/wp\/v2\/users\/1"}],"replies":[{"embeddable":true,"href":"https:\/\/www.radiointeractivo.com.mx\/index.php?rest_route=%2Fwp%2Fv2%2Fcomments&post=15869"}],"version-history":[{"count":1,"href":"https:\/\/www.radiointeractivo.com.mx\/index.php?rest_route=\/wp\/v2\/posts\/15869\/revisions"}],"predecessor-version":[{"id":15871,"href":"https:\/\/www.radiointeractivo.com.mx\/index.php?rest_route=\/wp\/v2\/posts\/15869\/revisions\/15871"}],"wp:featuredmedia":[{"embeddable":true,"href":"https:\/\/www.radiointeractivo.com.mx\/index.php?rest_route=\/wp\/v2\/media\/15870"}],"wp:attachment":[{"href":"https:\/\/www.radiointeractivo.com.mx\/index.php?rest_route=%2Fwp%2Fv2%2Fmedia&parent=15869"}],"wp:term":[{"taxonomy":"category","embeddable":true,"href":"https:\/\/www.radiointeractivo.com.mx\/index.php?rest_route=%2Fwp%2Fv2%2Fcategories&post=15869"},{"taxonomy":"post_tag","embeddable":true,"href":"https:\/\/www.radiointeractivo.com.mx\/index.php?rest_route=%2Fwp%2Fv2%2Ftags&post=15869"}],"curies":[{"name":"wp","href":"https:\/\/api.w.org\/{rel}","templated":true}]}}