{"id":15814,"date":"2025-04-13T22:58:50","date_gmt":"2025-04-14T03:58:50","guid":{"rendered":"https:\/\/www.radiointeractivo.com.mx\/?p=15814"},"modified":"2025-04-13T22:58:51","modified_gmt":"2025-04-14T03:58:51","slug":"invita-dif-nuevo-laredo-a-apoyar-a-los-abuelitos-del-asilo-vida-y-esperanza-con-la-compra-de-cascarones-de-pascua","status":"publish","type":"post","link":"https:\/\/www.radiointeractivo.com.mx\/?p=15814","title":{"rendered":"INVITA DIF NUEVO LAREDO A APOYAR A LOS ABUELITOS DEL ASILO \u201cVIDA Y ESPERANZA\u201d CON LA COMPRA DE CASCARONES DE PASCUA"},"content":{"rendered":"\n<figure class=\"wp-block-image size-large\"><img loading=\"lazy\" decoding=\"async\" width=\"768\" height=\"1024\" src=\"https:\/\/www.radiointeractivo.com.mx\/wp-content\/uploads\/2025\/04\/WhatsApp-Image-2025-04-13-at-2.43.59-PM-768x1024.jpeg\" alt=\"\" class=\"wp-image-15815\" srcset=\"https:\/\/www.radiointeractivo.com.mx\/wp-content\/uploads\/2025\/04\/WhatsApp-Image-2025-04-13-at-2.43.59-PM-768x1024.jpeg 768w, https:\/\/www.radiointeractivo.com.mx\/wp-content\/uploads\/2025\/04\/WhatsApp-Image-2025-04-13-at-2.43.59-PM-225x300.jpeg 225w, https:\/\/www.radiointeractivo.com.mx\/wp-content\/uploads\/2025\/04\/WhatsApp-Image-2025-04-13-at-2.43.59-PM.jpeg 960w\" sizes=\"auto, (max-width: 768px) 100vw, 768px\" \/><\/figure>\n\n\n\n<p>Por: Staff | #NuevoLaredo #Laredo #NLD #Tamaulipas<\/p>\n\n\n\n<p>Con gran entusiasmo y esp\u00edritu festivo, los residentes del Asilo \u201cVida y Esperanza\u201d del Sistema DIF Nuevo Laredo ya se preparan para celebrar la Pascua de una manera muy especial, elaborando con sus propias manos coloridos y alegres huevos de Pascua.<\/p>\n\n\n\n<p>Esta actividad, adem\u00e1s de fomentar su creatividad, uni\u00f3n y alegr\u00eda, representa una valiosa oportunidad para que la ciudadan\u00eda se sume y los apoye de una forma significativa.<\/p>\n\n\n\n<p>Los cascarones elaborados por los adultos mayores est\u00e1n disponibles para su compra en $30 pesos la docena y $60 pesos la tapa de huevos.<\/p>\n\n\n\n<p>Las personas interesadas pueden acudir de lunes a viernes, en un horario de 8:00 a.m. a 6:00 p.m., en la direcci\u00f3n Priv. Laguna del Norte #5330, Colonia Las Alamedas.<\/p>\n\n\n\n<p>El Sistema DIF Nuevo Laredo celebra estas actividades que enriquecen el d\u00eda a d\u00eda de los abuelitos y fortalecen su bienestar emocional, social y comunitario.<\/p>\n","protected":false},"excerpt":{"rendered":"<p>Por: Staff | #NuevoLaredo #Laredo #NLD #Tamaulipas Con gran entusiasmo y esp\u00edritu festivo, los residentes del Asilo \u201cVida y Esperanza\u201d del Sistema DIF Nuevo Laredo ya se preparan para celebrar la Pascua de una manera muy especial, elaborando con sus propias manos coloridos y alegres huevos de Pascua. Esta actividad, adem\u00e1s de fomentar su creatividad, &hellip;<\/p>\n","protected":false},"author":1,"featured_media":15815,"comment_status":"open","ping_status":"open","sticky":false,"template":"","format":"standard","meta":{"footnotes":""},"categories":[38],"tags":[],"class_list":["post-15814","post","type-post","status-publish","format-standard","has-post-thumbnail","","category-nuevo-laredo"],"_links":{"self":[{"href":"https:\/\/www.radiointeractivo.com.mx\/index.php?rest_route=\/wp\/v2\/posts\/15814","targetHints":{"allow":["GET"]}}],"collection":[{"href":"https:\/\/www.radiointeractivo.com.mx\/index.php?rest_route=\/wp\/v2\/posts"}],"about":[{"href":"https:\/\/www.radiointeractivo.com.mx\/index.php?rest_route=\/wp\/v2\/types\/post"}],"author":[{"embeddable":true,"href":"https:\/\/www.radiointeractivo.com.mx\/index.php?rest_route=\/wp\/v2\/users\/1"}],"replies":[{"embeddable":true,"href":"https:\/\/www.radiointeractivo.com.mx\/index.php?rest_route=%2Fwp%2Fv2%2Fcomments&post=15814"}],"version-history":[{"count":1,"href":"https:\/\/www.radiointeractivo.com.mx\/index.php?rest_route=\/wp\/v2\/posts\/15814\/revisions"}],"predecessor-version":[{"id":15816,"href":"https:\/\/www.radiointeractivo.com.mx\/index.php?rest_route=\/wp\/v2\/posts\/15814\/revisions\/15816"}],"wp:featuredmedia":[{"embeddable":true,"href":"https:\/\/www.radiointeractivo.com.mx\/index.php?rest_route=\/wp\/v2\/media\/15815"}],"wp:attachment":[{"href":"https:\/\/www.radiointeractivo.com.mx\/index.php?rest_route=%2Fwp%2Fv2%2Fmedia&parent=15814"}],"wp:term":[{"taxonomy":"category","embeddable":true,"href":"https:\/\/www.radiointeractivo.com.mx\/index.php?rest_route=%2Fwp%2Fv2%2Fcategories&post=15814"},{"taxonomy":"post_tag","embeddable":true,"href":"https:\/\/www.radiointeractivo.com.mx\/index.php?rest_route=%2Fwp%2Fv2%2Ftags&post=15814"}],"curies":[{"name":"wp","href":"https:\/\/api.w.org\/{rel}","templated":true}]}}