{"id":15810,"date":"2025-04-13T22:54:59","date_gmt":"2025-04-14T03:54:59","guid":{"rendered":"https:\/\/www.radiointeractivo.com.mx\/?p=15810"},"modified":"2025-04-13T22:55:00","modified_gmt":"2025-04-14T03:55:00","slug":"invita-gobierno-municipal-a-disfrutar-actividades-en-la-infoteca-sor-juana-ines-de-la-cruz","status":"publish","type":"post","link":"https:\/\/www.radiointeractivo.com.mx\/?p=15810","title":{"rendered":"INVITA GOBIERNO MUNICIPAL A DISFRUTAR ACTIVIDADES EN LA INFOTECA \u201cSOR JUANA IN\u00c9S DE LA CRUZ\u201d"},"content":{"rendered":"\n<figure class=\"wp-block-image size-large\"><img loading=\"lazy\" decoding=\"async\" width=\"1024\" height=\"684\" src=\"https:\/\/www.radiointeractivo.com.mx\/wp-content\/uploads\/2025\/04\/WhatsApp-Image-2025-04-13-at-2.19.05-PM-1024x684.jpeg\" alt=\"\" class=\"wp-image-15812\" srcset=\"https:\/\/www.radiointeractivo.com.mx\/wp-content\/uploads\/2025\/04\/WhatsApp-Image-2025-04-13-at-2.19.05-PM-1024x684.jpeg 1024w, https:\/\/www.radiointeractivo.com.mx\/wp-content\/uploads\/2025\/04\/WhatsApp-Image-2025-04-13-at-2.19.05-PM-300x200.jpeg 300w, https:\/\/www.radiointeractivo.com.mx\/wp-content\/uploads\/2025\/04\/WhatsApp-Image-2025-04-13-at-2.19.05-PM-768x513.jpeg 768w, https:\/\/www.radiointeractivo.com.mx\/wp-content\/uploads\/2025\/04\/WhatsApp-Image-2025-04-13-at-2.19.05-PM-1536x1026.jpeg 1536w, https:\/\/www.radiointeractivo.com.mx\/wp-content\/uploads\/2025\/04\/WhatsApp-Image-2025-04-13-at-2.19.05-PM.jpeg 1600w\" sizes=\"auto, (max-width: 1024px) 100vw, 1024px\" \/><\/figure>\n\n\n\n<p>Por: Staff | #NuevoLaredo #Laredo #NLD #Tamaulipas<\/p>\n\n\n\n<p>Como parte del compromiso con la educaci\u00f3n, el desarrollo personal y el fomento a la lectura, el Gobierno Municipal invita a ni\u00f1as, ni\u00f1os y mujeres de la comunidad a participar en las actividades que se llevar\u00e1n a cabo del 21 al 25 de abril en la Infoteca \u201cSor Juana In\u00e9s de la Cruz\u201d, ubicada en la colonia La Fe.<\/p>\n\n\n\n<p>Durante esta semana, la Infoteca ofrecer\u00e1 divertidas actividades infantiles dentro del programa \u201cEn Primavera la biblioteca te espera\u201d, con din\u00e1micas que promueven el amor por los libros, la imaginaci\u00f3n y la convivencia entre los m\u00e1s peque\u00f1os.<\/p>\n\n\n\n<p>Adem\u00e1s, se llevar\u00e1 a cabo un taller de computaci\u00f3n dirigido a mujeres, especialmente dise\u00f1ado para quienes desean aprender desde cero y aprovechar al m\u00e1ximo el uso de una computadora en su vida diaria y laboral.<\/p>\n\n\n\n<p>El Gobierno Municipal reafirma su compromiso de brindar espacios de aprendizaje accesibles e inclusivos para todas y todos.<\/p>\n\n\n\n<p>Para mayores informes, pueden comunicarse al 867-101-7523 o acudir directamente a la Infoteca \u201cSor Juana In\u00e9s de la Cruz\u201d, ubicada en Villagr\u00e1n #80, colonia La Fe.<\/p>\n","protected":false},"excerpt":{"rendered":"<p>Por: Staff | #NuevoLaredo #Laredo #NLD #Tamaulipas Como parte del compromiso con la educaci\u00f3n, el desarrollo personal y el fomento a la lectura, el Gobierno Municipal invita a ni\u00f1as, ni\u00f1os y mujeres de la comunidad a participar en las actividades que se llevar\u00e1n a cabo del 21 al 25 de abril en la Infoteca \u201cSor &hellip;<\/p>\n","protected":false},"author":1,"featured_media":15811,"comment_status":"open","ping_status":"open","sticky":false,"template":"","format":"standard","meta":{"footnotes":""},"categories":[38],"tags":[],"class_list":["post-15810","post","type-post","status-publish","format-standard","has-post-thumbnail","","category-nuevo-laredo"],"_links":{"self":[{"href":"https:\/\/www.radiointeractivo.com.mx\/index.php?rest_route=\/wp\/v2\/posts\/15810","targetHints":{"allow":["GET"]}}],"collection":[{"href":"https:\/\/www.radiointeractivo.com.mx\/index.php?rest_route=\/wp\/v2\/posts"}],"about":[{"href":"https:\/\/www.radiointeractivo.com.mx\/index.php?rest_route=\/wp\/v2\/types\/post"}],"author":[{"embeddable":true,"href":"https:\/\/www.radiointeractivo.com.mx\/index.php?rest_route=\/wp\/v2\/users\/1"}],"replies":[{"embeddable":true,"href":"https:\/\/www.radiointeractivo.com.mx\/index.php?rest_route=%2Fwp%2Fv2%2Fcomments&post=15810"}],"version-history":[{"count":1,"href":"https:\/\/www.radiointeractivo.com.mx\/index.php?rest_route=\/wp\/v2\/posts\/15810\/revisions"}],"predecessor-version":[{"id":15813,"href":"https:\/\/www.radiointeractivo.com.mx\/index.php?rest_route=\/wp\/v2\/posts\/15810\/revisions\/15813"}],"wp:featuredmedia":[{"embeddable":true,"href":"https:\/\/www.radiointeractivo.com.mx\/index.php?rest_route=\/wp\/v2\/media\/15811"}],"wp:attachment":[{"href":"https:\/\/www.radiointeractivo.com.mx\/index.php?rest_route=%2Fwp%2Fv2%2Fmedia&parent=15810"}],"wp:term":[{"taxonomy":"category","embeddable":true,"href":"https:\/\/www.radiointeractivo.com.mx\/index.php?rest_route=%2Fwp%2Fv2%2Fcategories&post=15810"},{"taxonomy":"post_tag","embeddable":true,"href":"https:\/\/www.radiointeractivo.com.mx\/index.php?rest_route=%2Fwp%2Fv2%2Ftags&post=15810"}],"curies":[{"name":"wp","href":"https:\/\/api.w.org\/{rel}","templated":true}]}}