{"id":15723,"date":"2025-04-10T09:18:21","date_gmt":"2025-04-10T14:18:21","guid":{"rendered":"https:\/\/www.radiointeractivo.com.mx\/?p=15723"},"modified":"2025-04-10T09:18:22","modified_gmt":"2025-04-10T14:18:22","slug":"visita-secretario-del-trabajo-y-prevision-social-las-juntas-de-conciliacion-y-arbitraje","status":"publish","type":"post","link":"https:\/\/www.radiointeractivo.com.mx\/?p=15723","title":{"rendered":"Visita secretario del Trabajo y Previsi\u00f3n Social, las Juntas de Conciliaci\u00f3n y Arbitraje"},"content":{"rendered":"\n<p>-Supervis\u00f3 las acciones de trabajo realizadas por los servidores p\u00fablicos de esta instituci\u00f3n<\/p>\n\n\n\n<p>Abril 09 de 2025<\/p>\n\n\n\n<p>Ciudad Victoria, Tamaulipas.- En el marco de las acciones impulsadas por el Gobierno de la Transformaci\u00f3n que encabeza Am\u00e9rico Villarreal Anaya, el secretario del Trabajo y Previsi\u00f3n Social, Luis Gerardo Illoldi Reyes, realiz\u00f3 una visita de supervisi\u00f3n a las Juntas de Conciliaci\u00f3n y Arbitraje ubicadas en el edificio Tiempo Nuevo.<\/p>\n\n\n\n<p>El objetivo fue constatar de primera mano, el funcionamiento operativo y la atenci\u00f3n que se brinda diariamente a las y los ciudadanos que acuden en busca de soluciones laborales justas y equitativas.<\/p>\n\n\n\n<p>Durante su recorrido, Illoldi Reyes reconoci\u00f3 el esfuerzo y compromiso del personal que, con vocaci\u00f3n de servicio, trabaja para garantizar un acceso digno a la justicia laboral, el cual refleja los principios de un gobierno cercano a la gente, que pone al centro la dignidad de las personas y la defensa de sus derechos.<\/p>\n\n\n\n<p>Asimismo, reafirm\u00f3 el compromiso del Gobierno de Tamaulipas de seguir fortaleciendo los mecanismos de conciliaci\u00f3n y resoluci\u00f3n de conflictos laborales, en beneficio de las trabajadoras, trabajadores y empleadores.<\/p>\n\n\n\n<p>Se\u00f1al\u00f3 que este esfuerzo forma parte de la visi\u00f3n humanista del Gobierno del Estado, que promueve una administraci\u00f3n p\u00fablica sensible, eficiente y comprometida con el bienestar de las y los ciudadanos, porque en Tamaulipas, la transformaci\u00f3n se construye con justicia, di\u00e1logo y respeto.<\/p>\n\n\n\n<pre class=\"wp-block-code\"><code>  <\/code><\/pre>\n","protected":false},"excerpt":{"rendered":"<p>-Supervis\u00f3 las acciones de trabajo realizadas por los servidores p\u00fablicos de esta instituci\u00f3n Abril 09 de 2025 Ciudad Victoria, Tamaulipas.- En el marco de las acciones impulsadas por el Gobierno de la Transformaci\u00f3n que encabeza Am\u00e9rico Villarreal Anaya, el secretario del Trabajo y Previsi\u00f3n Social, Luis Gerardo Illoldi Reyes, realiz\u00f3 una visita de supervisi\u00f3n a &hellip;<\/p>\n","protected":false},"author":2,"featured_media":15724,"comment_status":"open","ping_status":"open","sticky":false,"template":"","format":"standard","meta":{"footnotes":""},"categories":[39],"tags":[],"class_list":["post-15723","post","type-post","status-publish","format-standard","has-post-thumbnail","","category-tamaulipas"],"_links":{"self":[{"href":"https:\/\/www.radiointeractivo.com.mx\/index.php?rest_route=\/wp\/v2\/posts\/15723","targetHints":{"allow":["GET"]}}],"collection":[{"href":"https:\/\/www.radiointeractivo.com.mx\/index.php?rest_route=\/wp\/v2\/posts"}],"about":[{"href":"https:\/\/www.radiointeractivo.com.mx\/index.php?rest_route=\/wp\/v2\/types\/post"}],"author":[{"embeddable":true,"href":"https:\/\/www.radiointeractivo.com.mx\/index.php?rest_route=\/wp\/v2\/users\/2"}],"replies":[{"embeddable":true,"href":"https:\/\/www.radiointeractivo.com.mx\/index.php?rest_route=%2Fwp%2Fv2%2Fcomments&post=15723"}],"version-history":[{"count":1,"href":"https:\/\/www.radiointeractivo.com.mx\/index.php?rest_route=\/wp\/v2\/posts\/15723\/revisions"}],"predecessor-version":[{"id":15725,"href":"https:\/\/www.radiointeractivo.com.mx\/index.php?rest_route=\/wp\/v2\/posts\/15723\/revisions\/15725"}],"wp:featuredmedia":[{"embeddable":true,"href":"https:\/\/www.radiointeractivo.com.mx\/index.php?rest_route=\/wp\/v2\/media\/15724"}],"wp:attachment":[{"href":"https:\/\/www.radiointeractivo.com.mx\/index.php?rest_route=%2Fwp%2Fv2%2Fmedia&parent=15723"}],"wp:term":[{"taxonomy":"category","embeddable":true,"href":"https:\/\/www.radiointeractivo.com.mx\/index.php?rest_route=%2Fwp%2Fv2%2Fcategories&post=15723"},{"taxonomy":"post_tag","embeddable":true,"href":"https:\/\/www.radiointeractivo.com.mx\/index.php?rest_route=%2Fwp%2Fv2%2Ftags&post=15723"}],"curies":[{"name":"wp","href":"https:\/\/api.w.org\/{rel}","templated":true}]}}