{"id":15699,"date":"2025-04-09T13:57:02","date_gmt":"2025-04-09T18:57:02","guid":{"rendered":"https:\/\/www.radiointeractivo.com.mx\/?p=15699"},"modified":"2025-04-09T13:57:03","modified_gmt":"2025-04-09T18:57:03","slug":"nuevo-laredo-se-une-por-la-inclusion-mas-de-3-mil-personas-apoyan-al-dif-en-juego-de-tecos-con-causa","status":"publish","type":"post","link":"https:\/\/www.radiointeractivo.com.mx\/?p=15699","title":{"rendered":"NUEVO LAREDO SE UNE POR LA INCLUSI\u00d3N: M\u00c1S DE 3 MIL PERSONAS APOYAN AL DIF EN JUEGO DE TECOS CON CAUSA"},"content":{"rendered":"\n<figure class=\"wp-block-image size-large\"><img loading=\"lazy\" decoding=\"async\" width=\"1024\" height=\"682\" src=\"https:\/\/www.radiointeractivo.com.mx\/wp-content\/uploads\/2025\/04\/WhatsApp-Image-2025-04-09-at-12.35.33-PM-1-1024x682.jpeg\" alt=\"\" class=\"wp-image-15700\" srcset=\"https:\/\/www.radiointeractivo.com.mx\/wp-content\/uploads\/2025\/04\/WhatsApp-Image-2025-04-09-at-12.35.33-PM-1-1024x682.jpeg 1024w, https:\/\/www.radiointeractivo.com.mx\/wp-content\/uploads\/2025\/04\/WhatsApp-Image-2025-04-09-at-12.35.33-PM-1-300x200.jpeg 300w, https:\/\/www.radiointeractivo.com.mx\/wp-content\/uploads\/2025\/04\/WhatsApp-Image-2025-04-09-at-12.35.33-PM-1-768x512.jpeg 768w, https:\/\/www.radiointeractivo.com.mx\/wp-content\/uploads\/2025\/04\/WhatsApp-Image-2025-04-09-at-12.35.33-PM-1-310x205.jpeg 310w, https:\/\/www.radiointeractivo.com.mx\/wp-content\/uploads\/2025\/04\/WhatsApp-Image-2025-04-09-at-12.35.33-PM-1.jpeg 1280w\" sizes=\"auto, (max-width: 1024px) 100vw, 1024px\" \/><\/figure>\n\n\n\n<p>Por: Staff| #NuevoLaredo #Laredo #NLD #Tamaulipas<\/p>\n\n\n\n<p>M\u00e1s de 3 mil 900 corazones latiendo por una misma causa: la inclusi\u00f3n. As\u00ed se vivi\u00f3 el Tercer Juego con Causa de los Tecolotes de los Dos Laredos, en el legendario Parque La Junta, donde se enfrentaron en un juego de pretemporada a una selecci\u00f3n local de Nuevo Laredo.<\/p>\n\n\n\n<p>Con marcador final de 4-1 a favor de Tecos, el encuentro ante la Selecci\u00f3n de Nuevo Laredo se vivi\u00f3 como una aut\u00e9ntica fiesta deportiva y solidaria. Los jugadores de ambos equipos portaron un jersey conmemorativo en honor a la causa, alzando la voz en favor de las personas con discapacidad.<\/p>\n\n\n\n<p>Durante el evento, la presidenta del Sistema DIF Nuevo Laredo, Claudette Canturosas Villarreal, recibi\u00f3 de manos de Chara Mansur presidente del Club de B\u00e9isbol Tecos de los Dos Laredos un cheque simb\u00f3lico por un monto de 273 mil 560 pesos, destinado a fortalecer los programas de inclusi\u00f3n y apoyo a personas con discapacidad que impulsa el DIF.<\/p>\n\n\n\n<p>\u201cGracias de coraz\u00f3n por estar aqu\u00ed. Hoy demostramos que cuando nos unimos, no hay l\u00edmites para lo que podemos lograr. Con amor y voluntad, seguimos tocando corazones, abriendo caminos y construyendo un futuro m\u00e1s inclusivo para las personas con discapacidad.Este compromiso se transformar\u00e1 en acciones concretas para fortalecer nuestros programas y beneficiar a quienes m\u00e1s lo necesitan\u201d, expres\u00f3 Claudette Canturosas Villarreal.<\/p>\n\n\n\n<p>Este encuentro representa el tercer a\u00f1o consecutivo en que los Tecolotes de los Dos Laredos se suman al DIF con un juego de pretemporada con causa. En 2023, el evento se dedic\u00f3 a crear conciencia sobre el Autismo; en 2024, la causa fue la lucha contra el c\u00e1ncer de mama; y en esta edici\u00f3n 2025, el objetivo fue visibilizar y fortalecer la inclusi\u00f3n social de las personas con discapacidad.<\/p>\n\n\n\n<p>El Sistema DIF Nuevo Laredo reafirma con este tipo de acciones su compromiso permanente con quienes enfrentan barreras f\u00edsicas o sociales, y contin\u00faa trabajando para construir una ciudad m\u00e1s justa, incluyente y solidaria.<\/p>\n","protected":false},"excerpt":{"rendered":"<p>Por: Staff| #NuevoLaredo #Laredo #NLD #Tamaulipas M\u00e1s de 3 mil 900 corazones latiendo por una misma causa: la inclusi\u00f3n. As\u00ed se vivi\u00f3 el Tercer Juego con Causa de los Tecolotes de los Dos Laredos, en el legendario Parque La Junta, donde se enfrentaron en un juego de pretemporada a una selecci\u00f3n local de Nuevo Laredo. &hellip;<\/p>\n","protected":false},"author":1,"featured_media":15701,"comment_status":"open","ping_status":"open","sticky":false,"template":"","format":"standard","meta":{"footnotes":""},"categories":[38],"tags":[],"class_list":["post-15699","post","type-post","status-publish","format-standard","has-post-thumbnail","","category-nuevo-laredo"],"_links":{"self":[{"href":"https:\/\/www.radiointeractivo.com.mx\/index.php?rest_route=\/wp\/v2\/posts\/15699","targetHints":{"allow":["GET"]}}],"collection":[{"href":"https:\/\/www.radiointeractivo.com.mx\/index.php?rest_route=\/wp\/v2\/posts"}],"about":[{"href":"https:\/\/www.radiointeractivo.com.mx\/index.php?rest_route=\/wp\/v2\/types\/post"}],"author":[{"embeddable":true,"href":"https:\/\/www.radiointeractivo.com.mx\/index.php?rest_route=\/wp\/v2\/users\/1"}],"replies":[{"embeddable":true,"href":"https:\/\/www.radiointeractivo.com.mx\/index.php?rest_route=%2Fwp%2Fv2%2Fcomments&post=15699"}],"version-history":[{"count":1,"href":"https:\/\/www.radiointeractivo.com.mx\/index.php?rest_route=\/wp\/v2\/posts\/15699\/revisions"}],"predecessor-version":[{"id":15702,"href":"https:\/\/www.radiointeractivo.com.mx\/index.php?rest_route=\/wp\/v2\/posts\/15699\/revisions\/15702"}],"wp:featuredmedia":[{"embeddable":true,"href":"https:\/\/www.radiointeractivo.com.mx\/index.php?rest_route=\/wp\/v2\/media\/15701"}],"wp:attachment":[{"href":"https:\/\/www.radiointeractivo.com.mx\/index.php?rest_route=%2Fwp%2Fv2%2Fmedia&parent=15699"}],"wp:term":[{"taxonomy":"category","embeddable":true,"href":"https:\/\/www.radiointeractivo.com.mx\/index.php?rest_route=%2Fwp%2Fv2%2Fcategories&post=15699"},{"taxonomy":"post_tag","embeddable":true,"href":"https:\/\/www.radiointeractivo.com.mx\/index.php?rest_route=%2Fwp%2Fv2%2Ftags&post=15699"}],"curies":[{"name":"wp","href":"https:\/\/api.w.org\/{rel}","templated":true}]}}