{"id":15687,"date":"2025-04-09T10:56:30","date_gmt":"2025-04-09T15:56:30","guid":{"rendered":"https:\/\/www.radiointeractivo.com.mx\/?p=15687"},"modified":"2025-04-09T10:56:31","modified_gmt":"2025-04-09T15:56:31","slug":"inicia-sipinna-instalacion-y-primera-sesion-de-la-comision-de-igualdad-sustantiva-en-tamaulipas","status":"publish","type":"post","link":"https:\/\/www.radiointeractivo.com.mx\/?p=15687","title":{"rendered":"Inicia SIPINNA, instalaci\u00f3n y primera sesi\u00f3n de la Comisi\u00f3n de Igualdad Sustantiva en Tamaulipas"},"content":{"rendered":"\n<p>Abril 08 de 2025<\/p>\n\n\n\n<p>Ciudad Victoria, Tamaulipas.- El Sistema Estatal de Protecci\u00f3n Integral de los Derechos de Ni\u00f1as, Ni\u00f1os y Adolescentes (SIPINNA), llev\u00f3 a cabo la instalaci\u00f3n y primera sesi\u00f3n de la Comisi\u00f3n de Igualdad Sustantiva, atendiendo el compromiso del gobernador Am\u00e9rico Villarreal Anaya por garantizar la igualdad de derechos y oportunidades para todas y todos los tamaulipecos.<\/p>\n\n\n\n<p>Ivette Salazar M\u00e1rquez, directora del SIPINNA en Tamaulipas expres\u00f3 que la igualdad sustantiva, concepto central de este esfuerzo, busca asegurar que hombres y mujeres disfruten del mismo reconocimiento, goce y ejercicio de los derechos humanos, eliminando las barreras y desigualdades existentes, y sirviendo como modelo de acceso a oportunidades y beneficios para todas las personas.<\/p>\n\n\n\n<p>En su intervenci\u00f3n, Jorge Luis Beas G\u00e1mez, subsecretario de Legalidad y Servicios Gubernamentales, en representaci\u00f3n de H\u00e9ctor Joel Villegas Gonz\u00e1lez, secretario general de Gobierno, destac\u00f3 la preocupaci\u00f3n y el compromiso del Gobierno del Estado para la atenci\u00f3n a la ni\u00f1ez en Tamaulipas, subrayando que, \u201ccuando una ni\u00f1a es escuchada, puede cambiar el mundo; cuando un ni\u00f1o es cre\u00eddo capaz, puede construir un futuro mejor\u201d.<\/p>\n\n\n\n<p>Beas G\u00e1mez destac\u00f3 que el avance hacia la igualdad sustantiva entre ni\u00f1as, ni\u00f1os y adolescentes no solo es una pol\u00edtica p\u00fablica fundamental, sino que tambi\u00e9n representa un compromiso con el presente y el futuro del estado, aline\u00e1ndose con el Plan Estatal de Desarrollo 2023-2028.<\/p>\n\n\n\n<p>En el PED se prioriza el inter\u00e9s superior de la ni\u00f1ez y adolescencia, promoviendo su desarrollo integral, inclusi\u00f3n y la igualdad, con especial atenci\u00f3n a quienes se encuentran en situaci\u00f3n de discapacidad o vulnerabilidad, dijo.<\/p>\n\n\n\n<p>\u201cLa instalaci\u00f3n de esta comisi\u00f3n es una afirmaci\u00f3n contundente de que queremos avanzar garantizando entornos m\u00e1s justos y protectores para quienes m\u00e1s merecen y necesitan cuidado y atenci\u00f3n\u201d, agreg\u00f3.<\/p>\n\n\n\n<p>Por su parte, Ivette Salazar M\u00e1rquez, secretaria ejecutiva del SIPINNA, se\u00f1al\u00f3 que la Comisi\u00f3n de Igualdad Sustantiva ser\u00e1 clave para direccionar estrategias y ejecutar acciones pertinentes que fomenten la igualdad en todos los \u00e1mbitos. \u201cLa diversidad no debe percibirse como un problema, sino como un desaf\u00edo y una oportunidad\u201d, afirm\u00f3.<\/p>\n\n\n\n<p>Adem\u00e1s, destac\u00f3 que la comisi\u00f3n trabajar\u00e1 en la implementaci\u00f3n de medidas interinstitucionales adecuadas y eficientes para garantizar la participaci\u00f3n plena y la igualdad de condiciones en todos los sectores.<\/p>\n\n\n\n<p>A la instalaci\u00f3n de esta importante comisi\u00f3n tambi\u00e9n asistieron tambi\u00e9n: Marcia Benavides Villafranca, directora general del Instituto de las Mujeres en Tamaulipas; Lorena Villavicencio Ayala, secretaria ejecutiva del SIPINNA nacional, quien particip\u00f3 de manera virtual; Mireya Maldonado Villegas, fiscal especializada en la Investigaci\u00f3n de los Delitos Cometidos contra Ni\u00f1as, Ni\u00f1os y Adolescentes y Delitos contra Mujeres con Raz\u00f3n de G\u00e9nero; Laura Elena Gaither Jim\u00e9nez, directora del Centro de Integraci\u00f3n Juvenil; Edgar Alonso Barrera Aguilar, subdelegado de Programas Sociales en representaci\u00f3n de Luis Lauro Reyes Rodr\u00edguez, delegado estatal para el Desarrollo en Tamaulipas; y Bryan Eleazar Arellano Rodr\u00edguez, secretario ejecutivo de SIPRODDIS.<\/p>\n","protected":false},"excerpt":{"rendered":"<p>Abril 08 de 2025 Ciudad Victoria, Tamaulipas.- El Sistema Estatal de Protecci\u00f3n Integral de los Derechos de Ni\u00f1as, Ni\u00f1os y Adolescentes (SIPINNA), llev\u00f3 a cabo la instalaci\u00f3n y primera sesi\u00f3n de la Comisi\u00f3n de Igualdad Sustantiva, atendiendo el compromiso del gobernador Am\u00e9rico Villarreal Anaya por garantizar la igualdad de derechos y oportunidades para todas y &hellip;<\/p>\n","protected":false},"author":2,"featured_media":15688,"comment_status":"open","ping_status":"open","sticky":false,"template":"","format":"standard","meta":{"footnotes":""},"categories":[39],"tags":[],"class_list":["post-15687","post","type-post","status-publish","format-standard","has-post-thumbnail","","category-tamaulipas"],"_links":{"self":[{"href":"https:\/\/www.radiointeractivo.com.mx\/index.php?rest_route=\/wp\/v2\/posts\/15687","targetHints":{"allow":["GET"]}}],"collection":[{"href":"https:\/\/www.radiointeractivo.com.mx\/index.php?rest_route=\/wp\/v2\/posts"}],"about":[{"href":"https:\/\/www.radiointeractivo.com.mx\/index.php?rest_route=\/wp\/v2\/types\/post"}],"author":[{"embeddable":true,"href":"https:\/\/www.radiointeractivo.com.mx\/index.php?rest_route=\/wp\/v2\/users\/2"}],"replies":[{"embeddable":true,"href":"https:\/\/www.radiointeractivo.com.mx\/index.php?rest_route=%2Fwp%2Fv2%2Fcomments&post=15687"}],"version-history":[{"count":1,"href":"https:\/\/www.radiointeractivo.com.mx\/index.php?rest_route=\/wp\/v2\/posts\/15687\/revisions"}],"predecessor-version":[{"id":15689,"href":"https:\/\/www.radiointeractivo.com.mx\/index.php?rest_route=\/wp\/v2\/posts\/15687\/revisions\/15689"}],"wp:featuredmedia":[{"embeddable":true,"href":"https:\/\/www.radiointeractivo.com.mx\/index.php?rest_route=\/wp\/v2\/media\/15688"}],"wp:attachment":[{"href":"https:\/\/www.radiointeractivo.com.mx\/index.php?rest_route=%2Fwp%2Fv2%2Fmedia&parent=15687"}],"wp:term":[{"taxonomy":"category","embeddable":true,"href":"https:\/\/www.radiointeractivo.com.mx\/index.php?rest_route=%2Fwp%2Fv2%2Fcategories&post=15687"},{"taxonomy":"post_tag","embeddable":true,"href":"https:\/\/www.radiointeractivo.com.mx\/index.php?rest_route=%2Fwp%2Fv2%2Ftags&post=15687"}],"curies":[{"name":"wp","href":"https:\/\/api.w.org\/{rel}","templated":true}]}}