{"id":15596,"date":"2025-04-07T10:04:38","date_gmt":"2025-04-07T15:04:38","guid":{"rendered":"https:\/\/www.radiointeractivo.com.mx\/?p=15596"},"modified":"2025-04-07T10:04:39","modified_gmt":"2025-04-07T15:04:39","slug":"tamaulipas-presente-en-clase-nacional-de-boxeo-por-la-paz-y-contra-las-adicciones","status":"publish","type":"post","link":"https:\/\/www.radiointeractivo.com.mx\/?p=15596","title":{"rendered":"Tamaulipas presente en Clase Nacional de Boxeo &#8220;Por la paz y contra las adicciones&#8221;"},"content":{"rendered":"\n<p>-Gobernador Am\u00e9rico Villarreal Anaya y la presidenta del DIF Tamaulipas, Mar\u00eda de Villarreal, encabezaron el evento que se realiz\u00f3 por iniciativa de la presidenta Claudia Sheinbaum<\/p>\n\n\n\n<p>Abril 06 de 2025<\/p>\n\n\n\n<p>Ciudad Victoria, Tamaulipas. &#8211; Tamaulipas se sum\u00f3 con \u00e9xito a la Clase Nacional de Boxeo &#8220;Por la paz y contra las adicciones\u201d, con una participaci\u00f3n multitudinaria encabezada por el gobernador Am\u00e9rico Villarreal Anaya y la presidenta del DIF Estatal, Mar\u00eda de Villarreal, siguiendo en todo momento el evento presidido por la presidenta Claudia Sheinbaum, en el Z\u00f3calo de la Ciudad de M\u00e9xico.<\/p>\n\n\n\n<p>Desde el emblem\u00e1tico estadio Marte R. G\u00f3mez, en la capital del estado, el gobernador estuvo al frente de miles de tamaulipecos y tamaulipecas que, desde las plazas p\u00fablicas del estado, se sumaron simult\u00e1neamente mediante la activaci\u00f3n f\u00edsica y la promoci\u00f3n del deporte para respaldar la campa\u00f1a nacional.<\/p>\n\n\n\n<p>Acompa\u00f1ado por las y los integrantes de la selecci\u00f3n tamaulipeca de boxeo, que recientemente brillaron en el Macro Regional de Tijuana, adem\u00e1s de atletas, las y los secretarios e integrantes de su gabinete, y estudiantes, el mandatario tamaulipeco realiz\u00f3 todas las rutinas y se ejercit\u00f3 al igual que las y los asistentes, siguiendo a las leyendas del boxeo que dieron c\u00e1tedra desde el Z\u00f3calo de la Ciudad de M\u00e9xico.<\/p>\n\n\n\n<p>Antes de iniciar la sesi\u00f3n box\u00edstica, todas y todos los presentes escucharon a la presidenta Claudia Sheinbaum, quien expres\u00f3 que esta clase de boxeo es un mensaje a todo M\u00e9xico y a todo el mundo.<\/p>\n\n\n\n<p>\u201cEn M\u00e9xico construimos paz, prosperidad y elegimos siempre ser un pa\u00eds libre, independiente y soberano\u201d, dijo.<\/p>\n\n\n\n<p>\u201cLas y los mexicanos tenemos esp\u00edritu valiente, libre y de justicia. Somos un pueblo solidario y fraterno. No dejamos nunca a nadie atr\u00e1s\u201d, agreg\u00f3.<\/p>\n\n\n\n<p>Sheinbaum Pardo afirm\u00f3 que la juventud mexicana dice no a la violencia, no a las adicciones.<\/p>\n\n\n\n<p>\u201cEl pueblo de M\u00e9xico dice s\u00ed a la educaci\u00f3n, s\u00ed al deporte, s\u00ed a la paz, s\u00ed al amor\u201d, puntualiz\u00f3.<\/p>\n","protected":false},"excerpt":{"rendered":"<p>-Gobernador Am\u00e9rico Villarreal Anaya y la presidenta del DIF Tamaulipas, Mar\u00eda de Villarreal, encabezaron el evento que se realiz\u00f3 por iniciativa de la presidenta Claudia Sheinbaum Abril 06 de 2025 Ciudad Victoria, Tamaulipas. &#8211; Tamaulipas se sum\u00f3 con \u00e9xito a la Clase Nacional de Boxeo &#8220;Por la paz y contra las adicciones\u201d, con una participaci\u00f3n &hellip;<\/p>\n","protected":false},"author":2,"featured_media":15597,"comment_status":"open","ping_status":"open","sticky":false,"template":"","format":"standard","meta":{"footnotes":""},"categories":[39],"tags":[],"class_list":["post-15596","post","type-post","status-publish","format-standard","has-post-thumbnail","","category-tamaulipas"],"_links":{"self":[{"href":"https:\/\/www.radiointeractivo.com.mx\/index.php?rest_route=\/wp\/v2\/posts\/15596","targetHints":{"allow":["GET"]}}],"collection":[{"href":"https:\/\/www.radiointeractivo.com.mx\/index.php?rest_route=\/wp\/v2\/posts"}],"about":[{"href":"https:\/\/www.radiointeractivo.com.mx\/index.php?rest_route=\/wp\/v2\/types\/post"}],"author":[{"embeddable":true,"href":"https:\/\/www.radiointeractivo.com.mx\/index.php?rest_route=\/wp\/v2\/users\/2"}],"replies":[{"embeddable":true,"href":"https:\/\/www.radiointeractivo.com.mx\/index.php?rest_route=%2Fwp%2Fv2%2Fcomments&post=15596"}],"version-history":[{"count":1,"href":"https:\/\/www.radiointeractivo.com.mx\/index.php?rest_route=\/wp\/v2\/posts\/15596\/revisions"}],"predecessor-version":[{"id":15598,"href":"https:\/\/www.radiointeractivo.com.mx\/index.php?rest_route=\/wp\/v2\/posts\/15596\/revisions\/15598"}],"wp:featuredmedia":[{"embeddable":true,"href":"https:\/\/www.radiointeractivo.com.mx\/index.php?rest_route=\/wp\/v2\/media\/15597"}],"wp:attachment":[{"href":"https:\/\/www.radiointeractivo.com.mx\/index.php?rest_route=%2Fwp%2Fv2%2Fmedia&parent=15596"}],"wp:term":[{"taxonomy":"category","embeddable":true,"href":"https:\/\/www.radiointeractivo.com.mx\/index.php?rest_route=%2Fwp%2Fv2%2Fcategories&post=15596"},{"taxonomy":"post_tag","embeddable":true,"href":"https:\/\/www.radiointeractivo.com.mx\/index.php?rest_route=%2Fwp%2Fv2%2Ftags&post=15596"}],"curies":[{"name":"wp","href":"https:\/\/api.w.org\/{rel}","templated":true}]}}