{"id":15593,"date":"2025-04-07T10:01:57","date_gmt":"2025-04-07T15:01:57","guid":{"rendered":"https:\/\/www.radiointeractivo.com.mx\/?p=15593"},"modified":"2025-04-07T10:01:58","modified_gmt":"2025-04-07T15:01:58","slug":"refuerzan-brigadistas-de-la-seduma-combate-a-incendio-de-pastizales-en-tula","status":"publish","type":"post","link":"https:\/\/www.radiointeractivo.com.mx\/?p=15593","title":{"rendered":"Refuerzan brigadistas de la SEDUMA combate a incendio de pastizales en Tula"},"content":{"rendered":"\n<p>-Adem\u00e1s, personal de la Direcci\u00f3n de Recursos Naturales y Manejo de \u00c1reas Naturales Protegidas y de la Procuradur\u00eda Ambiental y Urbana, realizan labores de vigilancia para determinar las posibles causas del inicio del fuego<\/p>\n\n\n\n<p>Abril 05 de 2025<\/p>\n\n\n\n<p>Tula, Tamaulipas.- Con el objetivo de salvaguardar los recursos naturales y frenar el avance del fuego, brigadistas de la Secretar\u00eda de Desarrollo Urbano y Medio Ambiente (SEDUMA), en coordinaci\u00f3n con la Comisi\u00f3n Nacional Forestal (CONAFOR), se sumaron este fin de semana a las labores de combate de un incendio que afecta extensas zonas de pastizales en el municipio de Tula.<\/p>\n\n\n\n<p>La operaci\u00f3n, que tambi\u00e9n involucra a elementos de Protecci\u00f3n Civil Estatal y Municipal, se ha concentrado principalmente en el ejido Nuevo Padilla, donde se reporta una afectaci\u00f3n creciente que amenaza la integridad del ecosistema local.<\/p>\n\n\n\n<p>La titular de la SEDUMA, Karina Lizeth Sald\u00edvar Lartigue, inform\u00f3 que adem\u00e1s personal especializado de la Direcci\u00f3n de Recursos Naturales y Manejo de \u00c1reas Naturales Protegidas, junto con inspectores de la Procuradur\u00eda Ambiental y Urbana de Tamaulipas (PAUT), acudi\u00f3 al sitio del siniestro para realizar labores de vigilancia y dar inicio a una investigaci\u00f3n sobre las posibles causas del incendio y hacer valer la justicia ambiental y proteger los recursos que garantizan nuestra supervivencia.<\/p>\n\n\n\n<p>El incendio, que comenz\u00f3 a inicios de la semana, se ha propagado con rapidez debido a las condiciones clim\u00e1ticas adversas, como la sequ\u00eda y la presencia constante de vientos. Ante este panorama, la respuesta coordinada de diversas dependencias resulta crucial para contener el fuego y evitar su expansi\u00f3n hacia zonas habitadas.<\/p>\n\n\n\n<p>Estas acciones se realizan en el marco del convenio de colaboraci\u00f3n entre la SEDUMA y la CONAFOR, un acuerdo que permite fortalecer las capacidades de respuesta ante emergencias ambientales en todo el estado, como lo ha instruido el gobernador Am\u00e9rico Villarreal Anaya.<\/p>\n\n\n\n<p>Finalmente, las autoridades exhortaron a la ciudadan\u00eda a mantenerse atenta a los comunicados oficiales, evitar pr\u00e1cticas que puedan generar incendios y reportar de inmediato cualquier foco de calor o humo que detecten en \u00e1reas rurales o forestales.<\/p>\n","protected":false},"excerpt":{"rendered":"<p>-Adem\u00e1s, personal de la Direcci\u00f3n de Recursos Naturales y Manejo de \u00c1reas Naturales Protegidas y de la Procuradur\u00eda Ambiental y Urbana, realizan labores de vigilancia para determinar las posibles causas del inicio del fuego Abril 05 de 2025 Tula, Tamaulipas.- Con el objetivo de salvaguardar los recursos naturales y frenar el avance del fuego, brigadistas &hellip;<\/p>\n","protected":false},"author":2,"featured_media":15594,"comment_status":"open","ping_status":"open","sticky":false,"template":"","format":"standard","meta":{"footnotes":""},"categories":[39],"tags":[],"class_list":["post-15593","post","type-post","status-publish","format-standard","has-post-thumbnail","","category-tamaulipas"],"_links":{"self":[{"href":"https:\/\/www.radiointeractivo.com.mx\/index.php?rest_route=\/wp\/v2\/posts\/15593","targetHints":{"allow":["GET"]}}],"collection":[{"href":"https:\/\/www.radiointeractivo.com.mx\/index.php?rest_route=\/wp\/v2\/posts"}],"about":[{"href":"https:\/\/www.radiointeractivo.com.mx\/index.php?rest_route=\/wp\/v2\/types\/post"}],"author":[{"embeddable":true,"href":"https:\/\/www.radiointeractivo.com.mx\/index.php?rest_route=\/wp\/v2\/users\/2"}],"replies":[{"embeddable":true,"href":"https:\/\/www.radiointeractivo.com.mx\/index.php?rest_route=%2Fwp%2Fv2%2Fcomments&post=15593"}],"version-history":[{"count":1,"href":"https:\/\/www.radiointeractivo.com.mx\/index.php?rest_route=\/wp\/v2\/posts\/15593\/revisions"}],"predecessor-version":[{"id":15595,"href":"https:\/\/www.radiointeractivo.com.mx\/index.php?rest_route=\/wp\/v2\/posts\/15593\/revisions\/15595"}],"wp:featuredmedia":[{"embeddable":true,"href":"https:\/\/www.radiointeractivo.com.mx\/index.php?rest_route=\/wp\/v2\/media\/15594"}],"wp:attachment":[{"href":"https:\/\/www.radiointeractivo.com.mx\/index.php?rest_route=%2Fwp%2Fv2%2Fmedia&parent=15593"}],"wp:term":[{"taxonomy":"category","embeddable":true,"href":"https:\/\/www.radiointeractivo.com.mx\/index.php?rest_route=%2Fwp%2Fv2%2Fcategories&post=15593"},{"taxonomy":"post_tag","embeddable":true,"href":"https:\/\/www.radiointeractivo.com.mx\/index.php?rest_route=%2Fwp%2Fv2%2Ftags&post=15593"}],"curies":[{"name":"wp","href":"https:\/\/api.w.org\/{rel}","templated":true}]}}