{"id":15587,"date":"2025-04-07T09:53:01","date_gmt":"2025-04-07T14:53:01","guid":{"rendered":"https:\/\/www.radiointeractivo.com.mx\/?p=15587"},"modified":"2025-04-07T09:53:03","modified_gmt":"2025-04-07T14:53:03","slug":"asiste-secretario-general-de-gobierno-a-ceremonia-de-toma-de-protesta-del-coordinador-territorial-de-la-guardia-nacional-en-la-region-golfo","status":"publish","type":"post","link":"https:\/\/www.radiointeractivo.com.mx\/?p=15587","title":{"rendered":"Asiste secretario general de Gobierno a ceremonia de toma de protesta del coordinador territorial de la Guardia Nacional en la Regi\u00f3n Golfo"},"content":{"rendered":"\n<p>Abril 04 de 2025<\/p>\n\n\n\n<p>Xalapa, Veracruz. \u2013 En representaci\u00f3n del gobernador de Tamaulipas, Am\u00e9rico Villarreal Anaya, el secretario general de Gobierno, H\u00e9ctor Joel Villegas Gonz\u00e1lez, asisti\u00f3 a la ceremonia de toma de protesta, posesi\u00f3n al cargo y protesta de bandera del comisario jefe Ignacio Murillo Rodr\u00edguez, como coordinador territorial de la Guardia Nacional en la Regi\u00f3n Golfo.<\/p>\n\n\n\n<p>El evento se llev\u00f3 a cabo en las instalaciones del Centro de Mando de la Guardia Nacional, ubicadas en el ejido El Lencero, Xalapa, Veracruz, y cont\u00f3 con la presencia de autoridades militares, federales y estatales, as\u00ed como representantes de los gobiernos de Tamaulipas, Veracruz y Tabasco, en muestra de respaldo y coordinaci\u00f3n regional en materia de seguridad.<\/p>\n\n\n\n<p>Durante su intervenci\u00f3n, Villegas Gonz\u00e1lez, destac\u00f3 el compromiso del Gobierno de Tamaulipas con el fortalecimiento de las estrategias de seguridad p\u00fablica y la colaboraci\u00f3n plena con las instituciones federales. Asimismo, reconoci\u00f3 la labor de la Guardia Nacional en la salvaguarda de la paz y el orden en la regi\u00f3n.<\/p>\n\n\n\n<p>La designaci\u00f3n del comisario Jefe Ignacio Murillo Rodr\u00edguez, representa una oportunidad para seguir consolidando una estrategia regional s\u00f3lida en materia de seguridad, donde el trabajo conjunto entre los tres \u00f3rdenes de gobierno es fundamental para brindar mejores condiciones de bienestar a la poblaci\u00f3n.<\/p>\n\n\n\n<p>Con esta participaci\u00f3n, el Gobierno del Estado de Tamaulipas reitera su convicci\u00f3n de trabajar por una regi\u00f3n m\u00e1s segura, con respeto a los derechos humanos y al Estado de derecho.<\/p>\n","protected":false},"excerpt":{"rendered":"<p>Abril 04 de 2025 Xalapa, Veracruz. \u2013 En representaci\u00f3n del gobernador de Tamaulipas, Am\u00e9rico Villarreal Anaya, el secretario general de Gobierno, H\u00e9ctor Joel Villegas Gonz\u00e1lez, asisti\u00f3 a la ceremonia de toma de protesta, posesi\u00f3n al cargo y protesta de bandera del comisario jefe Ignacio Murillo Rodr\u00edguez, como coordinador territorial de la Guardia Nacional en la &hellip;<\/p>\n","protected":false},"author":2,"featured_media":15588,"comment_status":"open","ping_status":"open","sticky":false,"template":"","format":"standard","meta":{"footnotes":""},"categories":[39],"tags":[],"class_list":["post-15587","post","type-post","status-publish","format-standard","has-post-thumbnail","","category-tamaulipas"],"_links":{"self":[{"href":"https:\/\/www.radiointeractivo.com.mx\/index.php?rest_route=\/wp\/v2\/posts\/15587","targetHints":{"allow":["GET"]}}],"collection":[{"href":"https:\/\/www.radiointeractivo.com.mx\/index.php?rest_route=\/wp\/v2\/posts"}],"about":[{"href":"https:\/\/www.radiointeractivo.com.mx\/index.php?rest_route=\/wp\/v2\/types\/post"}],"author":[{"embeddable":true,"href":"https:\/\/www.radiointeractivo.com.mx\/index.php?rest_route=\/wp\/v2\/users\/2"}],"replies":[{"embeddable":true,"href":"https:\/\/www.radiointeractivo.com.mx\/index.php?rest_route=%2Fwp%2Fv2%2Fcomments&post=15587"}],"version-history":[{"count":1,"href":"https:\/\/www.radiointeractivo.com.mx\/index.php?rest_route=\/wp\/v2\/posts\/15587\/revisions"}],"predecessor-version":[{"id":15589,"href":"https:\/\/www.radiointeractivo.com.mx\/index.php?rest_route=\/wp\/v2\/posts\/15587\/revisions\/15589"}],"wp:featuredmedia":[{"embeddable":true,"href":"https:\/\/www.radiointeractivo.com.mx\/index.php?rest_route=\/wp\/v2\/media\/15588"}],"wp:attachment":[{"href":"https:\/\/www.radiointeractivo.com.mx\/index.php?rest_route=%2Fwp%2Fv2%2Fmedia&parent=15587"}],"wp:term":[{"taxonomy":"category","embeddable":true,"href":"https:\/\/www.radiointeractivo.com.mx\/index.php?rest_route=%2Fwp%2Fv2%2Fcategories&post=15587"},{"taxonomy":"post_tag","embeddable":true,"href":"https:\/\/www.radiointeractivo.com.mx\/index.php?rest_route=%2Fwp%2Fv2%2Ftags&post=15587"}],"curies":[{"name":"wp","href":"https:\/\/api.w.org\/{rel}","templated":true}]}}