{"id":15568,"date":"2025-04-07T09:28:06","date_gmt":"2025-04-07T14:28:06","guid":{"rendered":"https:\/\/www.radiointeractivo.com.mx\/?p=15568"},"modified":"2025-04-07T09:28:07","modified_gmt":"2025-04-07T14:28:07","slug":"entrega-secretaria-general-de-gobierno-alimentos-y-productos-de-limpieza-para-familias-afectadas-por-lluvias-en-la-zona-fronteriza","status":"publish","type":"post","link":"https:\/\/www.radiointeractivo.com.mx\/?p=15568","title":{"rendered":"Entrega Secretar\u00eda General de Gobierno alimentos y productos de limpieza para familias afectadas por lluvias en la zona fronteriza"},"content":{"rendered":"\n<p>Abril 04 de 2025<\/p>\n\n\n\n<p>Ciudad Victoria, Tamaulipas. \u2013 En respuesta a la emergencia generada por las intensas lluvias en Reynosa y otros municipios del norte del estado, el secretario general de Gobierno, H\u00e9ctor Joel Villegas Gonz\u00e1lez, encabez\u00f3, junto al personal de la dependencia a su cargo, la entrega de kits de limpieza y v\u00edveres. Esta acci\u00f3n se realiz\u00f3 siguiendo el ejemplo de empat\u00eda y solidaridad del gobernador Am\u00e9rico Villarreal Anaya, quien ha sido un modelo de apoyo y compromiso con las y los tamaulipecos.<\/p>\n\n\n\n<p>Villegas Gonz\u00e1lez, en su intervenci\u00f3n, expres\u00f3 su agradecimiento por el esfuerzo y dedicaci\u00f3n del personal de la Secretar\u00eda General de Gobierno, as\u00ed como de los subsecretarios Jorge Luis Beas G\u00e1mez (subsecretario de Legalidad y Servicios Gubernamentales), Tom\u00e1s Gloria Requena (subsecretario de Gobierno), R\u00f3mulo C\u00e9sar P\u00e9rez S\u00e1nchez (subsecretario de Enlace Legislativo), Jos\u00e9 Armando Lara Vald\u00e9s (subsecretario de Transporte), y Jorge Cu\u00e9llar Montoya (secretario ejecutivo del Sistema Estatal de Seguridad P\u00fablica), por su valiosa participaci\u00f3n en la recolecci\u00f3n y distribuci\u00f3n de alimentos no perecederos y productos de higiene.<\/p>\n\n\n\n<p>\u201cEs un honor poder estar aqu\u00ed, siguiendo el ejemplo de nuestro gobernador, para brindar apoyo a las familias que hoy enfrentan grandes desaf\u00edos debido a las lluvias e inundaciones. La solidaridad que hemos mostrado es un reflejo del compromiso que tenemos con cada tamaulipeco. Agradezco profundamente a cada una de las y los que se sumaron a esta noble causa\u201d, afirm\u00f3.<\/p>\n\n\n\n<p>En este esfuerzo altruista, tambi\u00e9n se destac\u00f3 la valiosa participaci\u00f3n del Voluntariado de la Esperanza de la Secretar\u00eda General de Gobierno, encabezado por Malena Rodela de Villegas, quienes, con su incansable dedicaci\u00f3n, llevaron a cabo la recolecci\u00f3n y env\u00edo de los v\u00edveres y productos de limpieza.<\/p>\n\n\n\n<p>La ayuda fue entregada en las instalaciones del Sistema DIF Tamaulipas, que preside Mar\u00eda Santiago de Villarreal, para su posterior distribuci\u00f3n entre las familias afectadas. A trav\u00e9s de este esfuerzo conjunto, se busca aliviar las necesidades inmediatas de los damnificados y proporcionarles un apoyo esencial en su proceso de recuperaci\u00f3n.<\/p>\n\n\n\n<p>Villegas Gonz\u00e1lez concluy\u00f3, reafirmando el compromiso del gobierno estatal con las personas m\u00e1s vulnerables: \u201cEste es solo un paso en el camino para restaurar la normalidad en nuestras comunidades, y seguiremos trabajando incansablemente para garantizar que nuestras familias tengan lo necesario para salir adelante.\u201d<\/p>\n\n\n\n<p>En este evento, se destac\u00f3 la presencia de Jorge Ernesto Mac\u00edas Espinosa, comisionado estatal de B\u00fasqueda de Personas; Enrique Garza Tamez coordinador de asesores del Secretario; Luis Armando Bucio Rodr\u00edguez, coordinaci\u00f3n general de la Oficina del Secretario; H\u00e9ctor Iv\u00e1n Reyes Herrera, coordinador general de Gobierno; Antonio Montoya Ram\u00edrez, coordinador general Administrativo; Marikarmen V\u00e1zquez Villanueva, coordinadora general de Planeaci\u00f3n y Proyectos y Diana Resendez Puente, directora de Control y Gesti\u00f3n.<\/p>\n","protected":false},"excerpt":{"rendered":"<p>Abril 04 de 2025 Ciudad Victoria, Tamaulipas. \u2013 En respuesta a la emergencia generada por las intensas lluvias en Reynosa y otros municipios del norte del estado, el secretario general de Gobierno, H\u00e9ctor Joel Villegas Gonz\u00e1lez, encabez\u00f3, junto al personal de la dependencia a su cargo, la entrega de kits de limpieza y v\u00edveres. Esta &hellip;<\/p>\n","protected":false},"author":2,"featured_media":15569,"comment_status":"open","ping_status":"open","sticky":false,"template":"","format":"standard","meta":{"footnotes":""},"categories":[39],"tags":[],"class_list":["post-15568","post","type-post","status-publish","format-standard","has-post-thumbnail","","category-tamaulipas"],"_links":{"self":[{"href":"https:\/\/www.radiointeractivo.com.mx\/index.php?rest_route=\/wp\/v2\/posts\/15568","targetHints":{"allow":["GET"]}}],"collection":[{"href":"https:\/\/www.radiointeractivo.com.mx\/index.php?rest_route=\/wp\/v2\/posts"}],"about":[{"href":"https:\/\/www.radiointeractivo.com.mx\/index.php?rest_route=\/wp\/v2\/types\/post"}],"author":[{"embeddable":true,"href":"https:\/\/www.radiointeractivo.com.mx\/index.php?rest_route=\/wp\/v2\/users\/2"}],"replies":[{"embeddable":true,"href":"https:\/\/www.radiointeractivo.com.mx\/index.php?rest_route=%2Fwp%2Fv2%2Fcomments&post=15568"}],"version-history":[{"count":1,"href":"https:\/\/www.radiointeractivo.com.mx\/index.php?rest_route=\/wp\/v2\/posts\/15568\/revisions"}],"predecessor-version":[{"id":15570,"href":"https:\/\/www.radiointeractivo.com.mx\/index.php?rest_route=\/wp\/v2\/posts\/15568\/revisions\/15570"}],"wp:featuredmedia":[{"embeddable":true,"href":"https:\/\/www.radiointeractivo.com.mx\/index.php?rest_route=\/wp\/v2\/media\/15569"}],"wp:attachment":[{"href":"https:\/\/www.radiointeractivo.com.mx\/index.php?rest_route=%2Fwp%2Fv2%2Fmedia&parent=15568"}],"wp:term":[{"taxonomy":"category","embeddable":true,"href":"https:\/\/www.radiointeractivo.com.mx\/index.php?rest_route=%2Fwp%2Fv2%2Fcategories&post=15568"},{"taxonomy":"post_tag","embeddable":true,"href":"https:\/\/www.radiointeractivo.com.mx\/index.php?rest_route=%2Fwp%2Fv2%2Ftags&post=15568"}],"curies":[{"name":"wp","href":"https:\/\/api.w.org\/{rel}","templated":true}]}}