{"id":15554,"date":"2025-04-06T21:48:20","date_gmt":"2025-04-07T02:48:20","guid":{"rendered":"https:\/\/www.radiointeractivo.com.mx\/?p=15554"},"modified":"2025-04-06T21:48:23","modified_gmt":"2025-04-07T02:48:23","slug":"se-suman-cientos-de-neolaredenses-a-clase-nacional-de-boxeo","status":"publish","type":"post","link":"https:\/\/www.radiointeractivo.com.mx\/?p=15554","title":{"rendered":"SE SUMAN CIENTOS DE NEOLAREDENSES A CLASE NACIONAL DE BOXEO"},"content":{"rendered":"\n<figure class=\"wp-block-image size-large\"><img loading=\"lazy\" decoding=\"async\" width=\"1024\" height=\"682\" src=\"https:\/\/www.radiointeractivo.com.mx\/wp-content\/uploads\/2025\/04\/WhatsApp-Image-2025-04-06-at-2.27.20-PM-1024x682.jpeg\" alt=\"\" class=\"wp-image-15555\" srcset=\"https:\/\/www.radiointeractivo.com.mx\/wp-content\/uploads\/2025\/04\/WhatsApp-Image-2025-04-06-at-2.27.20-PM-1024x682.jpeg 1024w, https:\/\/www.radiointeractivo.com.mx\/wp-content\/uploads\/2025\/04\/WhatsApp-Image-2025-04-06-at-2.27.20-PM-300x200.jpeg 300w, https:\/\/www.radiointeractivo.com.mx\/wp-content\/uploads\/2025\/04\/WhatsApp-Image-2025-04-06-at-2.27.20-PM-768x512.jpeg 768w, https:\/\/www.radiointeractivo.com.mx\/wp-content\/uploads\/2025\/04\/WhatsApp-Image-2025-04-06-at-2.27.20-PM-1536x1023.jpeg 1536w, https:\/\/www.radiointeractivo.com.mx\/wp-content\/uploads\/2025\/04\/WhatsApp-Image-2025-04-06-at-2.27.20-PM-310x205.jpeg 310w, https:\/\/www.radiointeractivo.com.mx\/wp-content\/uploads\/2025\/04\/WhatsApp-Image-2025-04-06-at-2.27.20-PM.jpeg 1600w\" sizes=\"auto, (max-width: 1024px) 100vw, 1024px\" \/><\/figure>\n\n\n\n<p>Por: Staff | #NuevoLaredo #Laredo #NLD #Tamaulipas<\/p>\n\n\n\n<p>Con una asistencia de alrededor de 500 personas, la Clase Nacional de Boxeo organizada por el Gobierno Federal tuvo una destacada participaci\u00f3n en Nuevo Laredo, sum\u00e1ndose a una jornada hist\u00f3rica que se llev\u00f3 a cabo de manera simult\u00e1nea en diversas plazas p\u00fablicas del pa\u00eds.<\/p>\n\n\n\n<p>El evento cont\u00f3 con la presencia virtual de grandes leyendas del boxeo como Julio C\u00e9sar Ch\u00e1vez, \u00d3scar de la Hoya y Jos\u00e9 Cuevas, quienes encabezaron esta iniciativa desde el Z\u00f3calo de la Ciudad de M\u00e9xico, enlazando a miles de participantes en todo el territorio nacional.<\/p>\n\n\n\n<p>Salom\u00f3n Valencia Hinojosa, director de Cultura F\u00edsica y Deporte de Nuevo Laredo, celebr\u00f3 la entusiasta respuesta de la ciudadan\u00eda y se\u00f1al\u00f3 que la participaci\u00f3n local marc\u00f3 un r\u00e9cord a nivel nacional.<\/p>\n\n\n\n<p>&#8220;Es un orgullo ver c\u00f3mo la comunidad se suma con entusiasmo a este tipo de actividades que promueven el deporte y los h\u00e1bitos saludables&#8221;, expres\u00f3 el director de Cultura F\u00edsica.<\/p>\n\n\n\n<p>La Clase Nacional de Boxeo forma parte de la estrategia del Gobierno Federal encabezada por Claudia Sheinbaum, con el objetivo de fomentar el deporte entre ni\u00f1as, ni\u00f1os y j\u00f3venes, como una herramienta para la prevenci\u00f3n del consumo de drogas y la vinculaci\u00f3n con grupos delictivos.<\/p>\n\n\n\n<p>A nivel local, la clase fue dirigida por p\u00fagiles y entrenadores de la Direcci\u00f3n de Cultura F\u00edsica y Deporte y se sumaron autoridades estatales y municipales, quienes realizaron la clase.<\/p>\n","protected":false},"excerpt":{"rendered":"<p>Por: Staff | #NuevoLaredo #Laredo #NLD #Tamaulipas Con una asistencia de alrededor de 500 personas, la Clase Nacional de Boxeo organizada por el Gobierno Federal tuvo una destacada participaci\u00f3n en Nuevo Laredo, sum\u00e1ndose a una jornada hist\u00f3rica que se llev\u00f3 a cabo de manera simult\u00e1nea en diversas plazas p\u00fablicas del pa\u00eds. El evento cont\u00f3 con &hellip;<\/p>\n","protected":false},"author":1,"featured_media":15555,"comment_status":"open","ping_status":"open","sticky":false,"template":"","format":"standard","meta":{"footnotes":""},"categories":[38],"tags":[],"class_list":["post-15554","post","type-post","status-publish","format-standard","has-post-thumbnail","","category-nuevo-laredo"],"_links":{"self":[{"href":"https:\/\/www.radiointeractivo.com.mx\/index.php?rest_route=\/wp\/v2\/posts\/15554","targetHints":{"allow":["GET"]}}],"collection":[{"href":"https:\/\/www.radiointeractivo.com.mx\/index.php?rest_route=\/wp\/v2\/posts"}],"about":[{"href":"https:\/\/www.radiointeractivo.com.mx\/index.php?rest_route=\/wp\/v2\/types\/post"}],"author":[{"embeddable":true,"href":"https:\/\/www.radiointeractivo.com.mx\/index.php?rest_route=\/wp\/v2\/users\/1"}],"replies":[{"embeddable":true,"href":"https:\/\/www.radiointeractivo.com.mx\/index.php?rest_route=%2Fwp%2Fv2%2Fcomments&post=15554"}],"version-history":[{"count":1,"href":"https:\/\/www.radiointeractivo.com.mx\/index.php?rest_route=\/wp\/v2\/posts\/15554\/revisions"}],"predecessor-version":[{"id":15556,"href":"https:\/\/www.radiointeractivo.com.mx\/index.php?rest_route=\/wp\/v2\/posts\/15554\/revisions\/15556"}],"wp:featuredmedia":[{"embeddable":true,"href":"https:\/\/www.radiointeractivo.com.mx\/index.php?rest_route=\/wp\/v2\/media\/15555"}],"wp:attachment":[{"href":"https:\/\/www.radiointeractivo.com.mx\/index.php?rest_route=%2Fwp%2Fv2%2Fmedia&parent=15554"}],"wp:term":[{"taxonomy":"category","embeddable":true,"href":"https:\/\/www.radiointeractivo.com.mx\/index.php?rest_route=%2Fwp%2Fv2%2Fcategories&post=15554"},{"taxonomy":"post_tag","embeddable":true,"href":"https:\/\/www.radiointeractivo.com.mx\/index.php?rest_route=%2Fwp%2Fv2%2Ftags&post=15554"}],"curies":[{"name":"wp","href":"https:\/\/api.w.org\/{rel}","templated":true}]}}