{"id":15540,"date":"2025-04-04T16:23:25","date_gmt":"2025-04-04T21:23:25","guid":{"rendered":"https:\/\/www.radiointeractivo.com.mx\/?p=15540"},"modified":"2025-04-04T16:23:26","modified_gmt":"2025-04-04T21:23:26","slug":"cerraran-tramo-de-carretera-nacional-por-instalacion-de-puente-peatonal","status":"publish","type":"post","link":"https:\/\/www.radiointeractivo.com.mx\/?p=15540","title":{"rendered":"CERRAR\u00c1N TRAMO DE CARRETERA NACIONAL POR INSTALACI\u00d3N DE PUENTE PEATONAL"},"content":{"rendered":"\n<figure class=\"wp-block-image size-large\"><img loading=\"lazy\" decoding=\"async\" width=\"1024\" height=\"536\" src=\"https:\/\/www.radiointeractivo.com.mx\/wp-content\/uploads\/2025\/04\/WhatsApp-Image-2025-04-04-at-3.47.55-PM-1-1024x536.jpeg\" alt=\"\" class=\"wp-image-15541\" srcset=\"https:\/\/www.radiointeractivo.com.mx\/wp-content\/uploads\/2025\/04\/WhatsApp-Image-2025-04-04-at-3.47.55-PM-1-1024x536.jpeg 1024w, https:\/\/www.radiointeractivo.com.mx\/wp-content\/uploads\/2025\/04\/WhatsApp-Image-2025-04-04-at-3.47.55-PM-1-300x157.jpeg 300w, https:\/\/www.radiointeractivo.com.mx\/wp-content\/uploads\/2025\/04\/WhatsApp-Image-2025-04-04-at-3.47.55-PM-1-768x402.jpeg 768w, https:\/\/www.radiointeractivo.com.mx\/wp-content\/uploads\/2025\/04\/WhatsApp-Image-2025-04-04-at-3.47.55-PM-1.jpeg 1376w\" sizes=\"auto, (max-width: 1024px) 100vw, 1024px\" \/><\/figure>\n\n\n\n<p>Por: Staff | #NuevoLaredo #Laredo #NLD #Tamaulipas<\/p>\n\n\n\n<p>El Gobierno Municipal informa a la ciudadan\u00eda que, este s\u00e1bado 5 y domingo 6 de abril de 2025, se llevar\u00e1 a cabo un cierre temporal de vialidad en la Carretera Nacional, a la altura del Smart Colinas, debido a los trabajos de instalaci\u00f3n de un puente peatonal.<\/p>\n\n\n\n<p>Se invita a los automovilistas y peatones a tomar precauciones y utilizar las rutas alternas se\u00f1aladas en el mapa para evitar contratiempos.<\/p>\n\n\n\n<p>Agradecemos tu comprensi\u00f3n y colaboraci\u00f3n. Estas acciones tienen como objetivo mejorar la seguridad y movilidad de todos.<\/p>\n","protected":false},"excerpt":{"rendered":"<p>Por: Staff | #NuevoLaredo #Laredo #NLD #Tamaulipas El Gobierno Municipal informa a la ciudadan\u00eda que, este s\u00e1bado 5 y domingo 6 de abril de 2025, se llevar\u00e1 a cabo un cierre temporal de vialidad en la Carretera Nacional, a la altura del Smart Colinas, debido a los trabajos de instalaci\u00f3n de un puente peatonal. Se &hellip;<\/p>\n","protected":false},"author":1,"featured_media":15541,"comment_status":"open","ping_status":"open","sticky":false,"template":"","format":"standard","meta":{"footnotes":""},"categories":[38],"tags":[],"class_list":["post-15540","post","type-post","status-publish","format-standard","has-post-thumbnail","","category-nuevo-laredo"],"_links":{"self":[{"href":"https:\/\/www.radiointeractivo.com.mx\/index.php?rest_route=\/wp\/v2\/posts\/15540","targetHints":{"allow":["GET"]}}],"collection":[{"href":"https:\/\/www.radiointeractivo.com.mx\/index.php?rest_route=\/wp\/v2\/posts"}],"about":[{"href":"https:\/\/www.radiointeractivo.com.mx\/index.php?rest_route=\/wp\/v2\/types\/post"}],"author":[{"embeddable":true,"href":"https:\/\/www.radiointeractivo.com.mx\/index.php?rest_route=\/wp\/v2\/users\/1"}],"replies":[{"embeddable":true,"href":"https:\/\/www.radiointeractivo.com.mx\/index.php?rest_route=%2Fwp%2Fv2%2Fcomments&post=15540"}],"version-history":[{"count":1,"href":"https:\/\/www.radiointeractivo.com.mx\/index.php?rest_route=\/wp\/v2\/posts\/15540\/revisions"}],"predecessor-version":[{"id":15542,"href":"https:\/\/www.radiointeractivo.com.mx\/index.php?rest_route=\/wp\/v2\/posts\/15540\/revisions\/15542"}],"wp:featuredmedia":[{"embeddable":true,"href":"https:\/\/www.radiointeractivo.com.mx\/index.php?rest_route=\/wp\/v2\/media\/15541"}],"wp:attachment":[{"href":"https:\/\/www.radiointeractivo.com.mx\/index.php?rest_route=%2Fwp%2Fv2%2Fmedia&parent=15540"}],"wp:term":[{"taxonomy":"category","embeddable":true,"href":"https:\/\/www.radiointeractivo.com.mx\/index.php?rest_route=%2Fwp%2Fv2%2Fcategories&post=15540"},{"taxonomy":"post_tag","embeddable":true,"href":"https:\/\/www.radiointeractivo.com.mx\/index.php?rest_route=%2Fwp%2Fv2%2Ftags&post=15540"}],"curies":[{"name":"wp","href":"https:\/\/api.w.org\/{rel}","templated":true}]}}