{"id":15537,"date":"2025-04-04T15:42:45","date_gmt":"2025-04-04T20:42:45","guid":{"rendered":"https:\/\/www.radiointeractivo.com.mx\/?p=15537"},"modified":"2025-04-04T15:42:47","modified_gmt":"2025-04-04T20:42:47","slug":"clinicas-une-brindaran-atencion-gratuita-a-ninos-todo-el-mes-de-abril","status":"publish","type":"post","link":"https:\/\/www.radiointeractivo.com.mx\/?p=15537","title":{"rendered":"CL\u00cdNICAS UNE BRINDAR\u00c1N ATENCI\u00d3N GRATUITA A NI\u00d1OS TODO EL MES DE ABRIL"},"content":{"rendered":"\n<figure class=\"wp-block-image size-large\"><img loading=\"lazy\" decoding=\"async\" width=\"1024\" height=\"682\" src=\"https:\/\/www.radiointeractivo.com.mx\/wp-content\/uploads\/2025\/04\/WhatsApp-Image-2025-04-04-at-1.48.14-PM-1-1024x682.jpeg\" alt=\"\" class=\"wp-image-15538\" srcset=\"https:\/\/www.radiointeractivo.com.mx\/wp-content\/uploads\/2025\/04\/WhatsApp-Image-2025-04-04-at-1.48.14-PM-1-1024x682.jpeg 1024w, https:\/\/www.radiointeractivo.com.mx\/wp-content\/uploads\/2025\/04\/WhatsApp-Image-2025-04-04-at-1.48.14-PM-1-300x200.jpeg 300w, https:\/\/www.radiointeractivo.com.mx\/wp-content\/uploads\/2025\/04\/WhatsApp-Image-2025-04-04-at-1.48.14-PM-1-768x512.jpeg 768w, https:\/\/www.radiointeractivo.com.mx\/wp-content\/uploads\/2025\/04\/WhatsApp-Image-2025-04-04-at-1.48.14-PM-1-1536x1023.jpeg 1536w, https:\/\/www.radiointeractivo.com.mx\/wp-content\/uploads\/2025\/04\/WhatsApp-Image-2025-04-04-at-1.48.14-PM-1-310x205.jpeg 310w, https:\/\/www.radiointeractivo.com.mx\/wp-content\/uploads\/2025\/04\/WhatsApp-Image-2025-04-04-at-1.48.14-PM-1.jpeg 1600w\" sizes=\"auto, (max-width: 1024px) 100vw, 1024px\" \/><\/figure>\n\n\n\n<p>Por: Staff | #NuevoLaredo #Laredo<\/p>\n\n\n\n<p>La Secretar\u00eda de Bienestar Social de Nuevo Laredo, a trav\u00e9s de su titular Liliana Arjona Barocio, anunci\u00f3 que durante el presente mes de abril se ofrecer\u00e1 atenci\u00f3n m\u00e9dica gratuita a todos los ni\u00f1os y ni\u00f1as menores de 16 a\u00f1os en las Cl\u00ednicas UNE de Nuevo Laredo.<\/p>\n\n\n\n<p>Los servicios m\u00e9dicos gratuitos incluyen consulta general, atenci\u00f3n dental y medicamentos b\u00e1sicos, sin costo alguno para los menores.<\/p>\n\n\n\n<p>&#8220;Este mes es gratis para todos los dependientes, y seguimos trabajando para extender esta atenci\u00f3n a m\u00e1s centros. Adem\u00e1s de la cl\u00ednica que aperturaremos en la colonia La Joya, pr\u00f3ximamente, contaremos con una nueva cl\u00ednica y reforzaremos la atenci\u00f3n en las cl\u00ednicas municipales&#8221;, detall\u00f3 Arjona Barocio.<\/p>\n\n\n\n<p>Las Cl\u00ednicas UNE operan de lunes a viernes, en un horario de 8:00 am a 3:30 pm, ofreciendo consultas generales, aplicaci\u00f3n de vacunas y atenci\u00f3n a enfermedades respiratorias.<\/p>\n\n\n\n<p>Ante los recientes cambios de temperatura, se exhorta a la ciudadan\u00eda a no automedicarse, vacunarse oportunamente, utilizar cubrebocas en caso de enfermedad y permanecer en casa para prevenir contagios.<\/p>\n","protected":false},"excerpt":{"rendered":"<p>Por: Staff | #NuevoLaredo #Laredo La Secretar\u00eda de Bienestar Social de Nuevo Laredo, a trav\u00e9s de su titular Liliana Arjona Barocio, anunci\u00f3 que durante el presente mes de abril se ofrecer\u00e1 atenci\u00f3n m\u00e9dica gratuita a todos los ni\u00f1os y ni\u00f1as menores de 16 a\u00f1os en las Cl\u00ednicas UNE de Nuevo Laredo. Los servicios m\u00e9dicos gratuitos &hellip;<\/p>\n","protected":false},"author":1,"featured_media":15538,"comment_status":"open","ping_status":"open","sticky":false,"template":"","format":"standard","meta":{"footnotes":""},"categories":[38],"tags":[],"class_list":["post-15537","post","type-post","status-publish","format-standard","has-post-thumbnail","","category-nuevo-laredo"],"_links":{"self":[{"href":"https:\/\/www.radiointeractivo.com.mx\/index.php?rest_route=\/wp\/v2\/posts\/15537","targetHints":{"allow":["GET"]}}],"collection":[{"href":"https:\/\/www.radiointeractivo.com.mx\/index.php?rest_route=\/wp\/v2\/posts"}],"about":[{"href":"https:\/\/www.radiointeractivo.com.mx\/index.php?rest_route=\/wp\/v2\/types\/post"}],"author":[{"embeddable":true,"href":"https:\/\/www.radiointeractivo.com.mx\/index.php?rest_route=\/wp\/v2\/users\/1"}],"replies":[{"embeddable":true,"href":"https:\/\/www.radiointeractivo.com.mx\/index.php?rest_route=%2Fwp%2Fv2%2Fcomments&post=15537"}],"version-history":[{"count":1,"href":"https:\/\/www.radiointeractivo.com.mx\/index.php?rest_route=\/wp\/v2\/posts\/15537\/revisions"}],"predecessor-version":[{"id":15539,"href":"https:\/\/www.radiointeractivo.com.mx\/index.php?rest_route=\/wp\/v2\/posts\/15537\/revisions\/15539"}],"wp:featuredmedia":[{"embeddable":true,"href":"https:\/\/www.radiointeractivo.com.mx\/index.php?rest_route=\/wp\/v2\/media\/15538"}],"wp:attachment":[{"href":"https:\/\/www.radiointeractivo.com.mx\/index.php?rest_route=%2Fwp%2Fv2%2Fmedia&parent=15537"}],"wp:term":[{"taxonomy":"category","embeddable":true,"href":"https:\/\/www.radiointeractivo.com.mx\/index.php?rest_route=%2Fwp%2Fv2%2Fcategories&post=15537"},{"taxonomy":"post_tag","embeddable":true,"href":"https:\/\/www.radiointeractivo.com.mx\/index.php?rest_route=%2Fwp%2Fv2%2Ftags&post=15537"}],"curies":[{"name":"wp","href":"https:\/\/api.w.org\/{rel}","templated":true}]}}