{"id":15534,"date":"2025-04-04T15:15:20","date_gmt":"2025-04-04T20:15:20","guid":{"rendered":"https:\/\/www.radiointeractivo.com.mx\/?p=15534"},"modified":"2025-04-04T15:15:22","modified_gmt":"2025-04-04T20:15:22","slug":"promueven-ventajas-competitivas-de-nuevo-laredo-ante-empresas-y-expertos-internacionales-en-logistica","status":"publish","type":"post","link":"https:\/\/www.radiointeractivo.com.mx\/?p=15534","title":{"rendered":"PROMUEVEN VENTAJAS COMPETITIVAS DE NUEVO LAREDO ANTE EMPRESAS Y EXPERTOS INTERNACIONALES EN LOG\u00cdSTICA"},"content":{"rendered":"\n<figure class=\"wp-block-image size-large\"><img loading=\"lazy\" decoding=\"async\" width=\"1024\" height=\"682\" src=\"https:\/\/www.radiointeractivo.com.mx\/wp-content\/uploads\/2025\/04\/WhatsApp-Image-2025-04-04-at-1.38.52-PM-1024x682.jpeg\" alt=\"\" class=\"wp-image-15535\" srcset=\"https:\/\/www.radiointeractivo.com.mx\/wp-content\/uploads\/2025\/04\/WhatsApp-Image-2025-04-04-at-1.38.52-PM-1024x682.jpeg 1024w, https:\/\/www.radiointeractivo.com.mx\/wp-content\/uploads\/2025\/04\/WhatsApp-Image-2025-04-04-at-1.38.52-PM-300x200.jpeg 300w, https:\/\/www.radiointeractivo.com.mx\/wp-content\/uploads\/2025\/04\/WhatsApp-Image-2025-04-04-at-1.38.52-PM-768x512.jpeg 768w, https:\/\/www.radiointeractivo.com.mx\/wp-content\/uploads\/2025\/04\/WhatsApp-Image-2025-04-04-at-1.38.52-PM-1536x1023.jpeg 1536w, https:\/\/www.radiointeractivo.com.mx\/wp-content\/uploads\/2025\/04\/WhatsApp-Image-2025-04-04-at-1.38.52-PM-310x205.jpeg 310w, https:\/\/www.radiointeractivo.com.mx\/wp-content\/uploads\/2025\/04\/WhatsApp-Image-2025-04-04-at-1.38.52-PM.jpeg 1600w\" sizes=\"auto, (max-width: 1024px) 100vw, 1024px\" \/><\/figure>\n\n\n\n<p>Por: Staff | #NuevoLaredo #Laredo #NLD #Tamaulipas<\/p>\n\n\n\n<p>Nuevo Laredo reafirma su liderazgo como el principal hub log\u00edstico y aduanero de M\u00e9xico con su participaci\u00f3n en The Logistics World Summit &amp; Expo 2025, el evento m\u00e1s importante del sector en Am\u00e9rica Latina.<\/p>\n\n\n\n<p>A trav\u00e9s de la Secretar\u00eda de Desarrollo Econ\u00f3mico, y en conjunto con la Secretar\u00eda de Econom\u00eda del Gobierno del Estado, el Gobierno de Nuevo Laredo se hizo presente en este foro internacional participando en el stand &#8220;Tamaulipas, Plataforma Log\u00edstica de M\u00e9xico&#8221;, donde se mostraron las ventajas estrat\u00e9gicas que ofrece la ciudad para el comercio. .<\/p>\n\n\n\n<p>En este espacio, representantes de la administraci\u00f3n municipal, expusieron a la ciudad como un socio estrat\u00e9gico para la iniciativa privada, destacando su infraestructura, conectividad y potencial para el desarrollo de inversiones en el sector log\u00edstico y de transporte.<\/p>\n\n\n\n<p>Durante el evento, se cont\u00f3 con la participaci\u00f3n de empresas l\u00edderes en servicios log\u00edsticos y de transporte de Tamaulipas, fortaleciendo as\u00ed las oportunidades de colaboraci\u00f3n y crecimiento econ\u00f3mico para la regi\u00f3n.<\/p>\n\n\n\n<p>El Gobierno de Nuevo Laredo, encabezado por la alcaldesa Carmen Lilia Canturosas, reafirm\u00f3 su compromiso de impulsar el desarrollo econ\u00f3mico y consolidar a la ciudad como el coraz\u00f3n log\u00edstico de M\u00e9xico.<\/p>\n\n\n\n<p>Con esta presencia en The Logistics World Summit &amp; Expo 2025, se refuerza la estrategia de atracci\u00f3n de inversiones y promoci\u00f3n de Nuevo Laredo como un punto clave en la cadena de suministro global.<\/p>\n","protected":false},"excerpt":{"rendered":"<p>Por: Staff | #NuevoLaredo #Laredo #NLD #Tamaulipas Nuevo Laredo reafirma su liderazgo como el principal hub log\u00edstico y aduanero de M\u00e9xico con su participaci\u00f3n en The Logistics World Summit &amp; Expo 2025, el evento m\u00e1s importante del sector en Am\u00e9rica Latina. A trav\u00e9s de la Secretar\u00eda de Desarrollo Econ\u00f3mico, y en conjunto con la Secretar\u00eda &hellip;<\/p>\n","protected":false},"author":1,"featured_media":15535,"comment_status":"open","ping_status":"open","sticky":false,"template":"","format":"standard","meta":{"footnotes":""},"categories":[38],"tags":[],"class_list":["post-15534","post","type-post","status-publish","format-standard","has-post-thumbnail","","category-nuevo-laredo"],"_links":{"self":[{"href":"https:\/\/www.radiointeractivo.com.mx\/index.php?rest_route=\/wp\/v2\/posts\/15534","targetHints":{"allow":["GET"]}}],"collection":[{"href":"https:\/\/www.radiointeractivo.com.mx\/index.php?rest_route=\/wp\/v2\/posts"}],"about":[{"href":"https:\/\/www.radiointeractivo.com.mx\/index.php?rest_route=\/wp\/v2\/types\/post"}],"author":[{"embeddable":true,"href":"https:\/\/www.radiointeractivo.com.mx\/index.php?rest_route=\/wp\/v2\/users\/1"}],"replies":[{"embeddable":true,"href":"https:\/\/www.radiointeractivo.com.mx\/index.php?rest_route=%2Fwp%2Fv2%2Fcomments&post=15534"}],"version-history":[{"count":1,"href":"https:\/\/www.radiointeractivo.com.mx\/index.php?rest_route=\/wp\/v2\/posts\/15534\/revisions"}],"predecessor-version":[{"id":15536,"href":"https:\/\/www.radiointeractivo.com.mx\/index.php?rest_route=\/wp\/v2\/posts\/15534\/revisions\/15536"}],"wp:featuredmedia":[{"embeddable":true,"href":"https:\/\/www.radiointeractivo.com.mx\/index.php?rest_route=\/wp\/v2\/media\/15535"}],"wp:attachment":[{"href":"https:\/\/www.radiointeractivo.com.mx\/index.php?rest_route=%2Fwp%2Fv2%2Fmedia&parent=15534"}],"wp:term":[{"taxonomy":"category","embeddable":true,"href":"https:\/\/www.radiointeractivo.com.mx\/index.php?rest_route=%2Fwp%2Fv2%2Fcategories&post=15534"},{"taxonomy":"post_tag","embeddable":true,"href":"https:\/\/www.radiointeractivo.com.mx\/index.php?rest_route=%2Fwp%2Fv2%2Ftags&post=15534"}],"curies":[{"name":"wp","href":"https:\/\/api.w.org\/{rel}","templated":true}]}}