{"id":15524,"date":"2025-04-04T11:54:01","date_gmt":"2025-04-04T16:54:01","guid":{"rendered":"https:\/\/www.radiointeractivo.com.mx\/?p=15524"},"modified":"2025-04-04T11:54:03","modified_gmt":"2025-04-04T16:54:03","slug":"tamaulipas-brilla-en-el-macro-regional-de-boxeo-y-11-atletas-avanzan-a-la-olimpiada-nacional-conade-2025","status":"publish","type":"post","link":"https:\/\/www.radiointeractivo.com.mx\/?p=15524","title":{"rendered":"Tamaulipas brilla en el Macro Regional de Boxeo y 11 atletas avanzan a la Olimpiada Nacional CONADE 2025"},"content":{"rendered":"\n<p>Abril 04 de 2025<\/p>\n\n\n\n<p>Tijuana, Baja California.- La delegaci\u00f3n tamaulipeca de boxeo tuvo una destacada participaci\u00f3n en el Macro Regional CONADE 2025, realizado en Tijuana, Baja California, logrando que 11 pugilistas avanzaran a la fase nacional, tras proclamarse campeones o al ubicarse entre los primeros tres lugares de sus respectivas categor\u00edas.<\/p>\n\n\n\n<p>El director del Instituto del Deporte de Tamaulipas (INDE Tamaulipas), Manuel Viru\u00e9s Lozano, inform\u00f3 que este resultado refleja el esfuerzo y talento de las y los atletas, as\u00ed como el compromiso de los entrenadores en su preparaci\u00f3n.<\/p>\n\n\n\n<p>Agreg\u00f3 que gracias al respaldo del gobernador Am\u00e9rico Villarreal, la delegaci\u00f3n tamaulipeca cont\u00f3 con apoyo total para su traslado, alimentaci\u00f3n y hospedaje, lo que permiti\u00f3 a los atletas dar su mejor desempe\u00f1o dentro del ring.<\/p>\n\n\n\n<p>En la categor\u00eda Junior, Tamaulipas logr\u00f3 clasificar a Sidney Retiz, quien se coron\u00f3 campeona en su divisi\u00f3n, as\u00ed como a Pablo Renhe Y\u00e9pez, Mateo Ar\u00e9valo, Christian Mendoza y Juan Valent\u00edn Vargas, quienes aseguraron su pase al quedar dentro de los primeros tres lugares.<\/p>\n\n\n\n<p>En la categor\u00eda Juvenil, David Emmanuel Torres obtuvo el campeonato en su peso, mientras que Edwin Humberto Monsiv\u00e1is, Magdiel de Jes\u00fas Bernal, Renata Sarah\u00ed Lozano, Lidia Monserrath Garc\u00eda y Tania Guadalupe Villarreal tambi\u00e9n consiguieron su clasificaci\u00f3n tras destacadas actuaciones.<\/p>\n\n\n\n<p>Manuel Viru\u00e9s explic\u00f3 que ahora los boxeadores tamaulipecos continuar\u00e1n su preparaci\u00f3n, ya que tentativamente en el mes de junio se llevar\u00e1 a cabo la Olimpiada Nacional CONADE 2025 en Puebla, donde buscar\u00e1n poner en alto el nombre de Tamaulipas.<\/p>\n","protected":false},"excerpt":{"rendered":"<p>Abril 04 de 2025 Tijuana, Baja California.- La delegaci\u00f3n tamaulipeca de boxeo tuvo una destacada participaci\u00f3n en el Macro Regional CONADE 2025, realizado en Tijuana, Baja California, logrando que 11 pugilistas avanzaran a la fase nacional, tras proclamarse campeones o al ubicarse entre los primeros tres lugares de sus respectivas categor\u00edas. El director del Instituto &hellip;<\/p>\n","protected":false},"author":2,"featured_media":15525,"comment_status":"open","ping_status":"open","sticky":false,"template":"","format":"standard","meta":{"footnotes":""},"categories":[39],"tags":[],"class_list":["post-15524","post","type-post","status-publish","format-standard","has-post-thumbnail","","category-tamaulipas"],"_links":{"self":[{"href":"https:\/\/www.radiointeractivo.com.mx\/index.php?rest_route=\/wp\/v2\/posts\/15524","targetHints":{"allow":["GET"]}}],"collection":[{"href":"https:\/\/www.radiointeractivo.com.mx\/index.php?rest_route=\/wp\/v2\/posts"}],"about":[{"href":"https:\/\/www.radiointeractivo.com.mx\/index.php?rest_route=\/wp\/v2\/types\/post"}],"author":[{"embeddable":true,"href":"https:\/\/www.radiointeractivo.com.mx\/index.php?rest_route=\/wp\/v2\/users\/2"}],"replies":[{"embeddable":true,"href":"https:\/\/www.radiointeractivo.com.mx\/index.php?rest_route=%2Fwp%2Fv2%2Fcomments&post=15524"}],"version-history":[{"count":1,"href":"https:\/\/www.radiointeractivo.com.mx\/index.php?rest_route=\/wp\/v2\/posts\/15524\/revisions"}],"predecessor-version":[{"id":15526,"href":"https:\/\/www.radiointeractivo.com.mx\/index.php?rest_route=\/wp\/v2\/posts\/15524\/revisions\/15526"}],"wp:featuredmedia":[{"embeddable":true,"href":"https:\/\/www.radiointeractivo.com.mx\/index.php?rest_route=\/wp\/v2\/media\/15525"}],"wp:attachment":[{"href":"https:\/\/www.radiointeractivo.com.mx\/index.php?rest_route=%2Fwp%2Fv2%2Fmedia&parent=15524"}],"wp:term":[{"taxonomy":"category","embeddable":true,"href":"https:\/\/www.radiointeractivo.com.mx\/index.php?rest_route=%2Fwp%2Fv2%2Fcategories&post=15524"},{"taxonomy":"post_tag","embeddable":true,"href":"https:\/\/www.radiointeractivo.com.mx\/index.php?rest_route=%2Fwp%2Fv2%2Ftags&post=15524"}],"curies":[{"name":"wp","href":"https:\/\/api.w.org\/{rel}","templated":true}]}}