{"id":15518,"date":"2025-04-04T10:09:50","date_gmt":"2025-04-04T15:09:50","guid":{"rendered":"https:\/\/www.radiointeractivo.com.mx\/?p=15518"},"modified":"2025-04-04T10:09:51","modified_gmt":"2025-04-04T15:09:51","slug":"respalda-tamaulipas-a-presidenta-claudia-sheinbaum-en-el-fortalecimiento-del-plan-mexico-americo","status":"publish","type":"post","link":"https:\/\/www.radiointeractivo.com.mx\/?p=15518","title":{"rendered":"Respalda Tamaulipas a presidenta Claudia Sheinbaum en el fortalecimiento del Plan M\u00e9xico: Am\u00e9rico"},"content":{"rendered":"\n<p>Abril 03 de 2025<\/p>\n\n\n\n<p>Ciudad de M\u00e9xico.- A nombre del pueblo de Tamaulipas, el gobernador Am\u00e9rico Villarreal Anaya expres\u00f3 su admiraci\u00f3n y el m\u00e1s amplio reconocimiento al firme liderazgo de la presidenta Claudia Sheinbaum Pardo, quien ha conducido al pa\u00eds en estos momentos de exigencia, con una amplia visi\u00f3n de Estado, a partir del di\u00e1logo, la coordinaci\u00f3n y colaboraci\u00f3n con los Estados Unidos de Am\u00e9rica.<\/p>\n\n\n\n<p>Villarreal Anaya acompa\u00f1\u00f3 a la presidenta Claudia Sheinbaum durante la presentaci\u00f3n de 18 acciones y programas que permitir\u00e1n fortalecer el Plan M\u00e9xico, cuyos objetivos, dijo, ser\u00e1n apoyados decididamente por el Gobierno de Tamaulipas, para impulsar el mercado interno y los salarios, aumentar la soberan\u00eda alimentaria, la soberan\u00eda energ\u00e9tica, as\u00ed como la producci\u00f3n nacional y el fortalecimiento de los programas sociales.<\/p>\n\n\n\n<p>En estos momentos en que la patria lo exige, expres\u00f3 el gobernador Am\u00e9rico Villarreal, el pueblo de Tamaulipas cierra filas en torno al liderazgo de nuestra presidenta Claudia Sheinbaum Pardo, &#8220;para que siga conduciendo exitosamente la segunda etapa de la Cuarta Transformaci\u00f3n. \u00a1Tenemos mucha presidenta!&#8221;, afirm\u00f3.<\/p>\n\n\n\n<p>Durante el evento celebrado en el Museo Nacional de Antropolog\u00eda, ante las y los gobernadores, legisladores, dirigentes empresariales, representantes de sindicatos, integrantes del gabinete y pueblos originarios, Claudia Sheinbaum asegur\u00f3 que el Plan M\u00e9xico es el camino para convertirnos en un pa\u00eds con m\u00e1s empleo bien remunerado, con menor pobreza y desigualdad, con mayor inversi\u00f3n y producci\u00f3n, con m\u00e1s innovaci\u00f3n, menor contenido de carbono, que respete al medio ambiente y aumente nuestra autosuficiencia y soberan\u00eda.<\/p>\n\n\n\n<p>&#8220;A todas las mexicanas y mexicanos, tengan la certeza, como lo hemos hecho hasta ahora, que har\u00e9 todo lo que est\u00e9 en mi mente, mi coraz\u00f3n y mis manos para estar a la altura del pueblo de M\u00e9xico&#8221;, dijo la presidenta. &#8220;Tenemos valores en nuestro pa\u00eds: honestidad, autoridad moral y la convicci\u00f3n de que, como M\u00e9xico, no hay dos y juntos y juntas haremos el mejor M\u00e9xico posible. Tenemos lo principal: mucho pueblo&#8221;, expres\u00f3.<\/p>\n","protected":false},"excerpt":{"rendered":"<p>Abril 03 de 2025 Ciudad de M\u00e9xico.- A nombre del pueblo de Tamaulipas, el gobernador Am\u00e9rico Villarreal Anaya expres\u00f3 su admiraci\u00f3n y el m\u00e1s amplio reconocimiento al firme liderazgo de la presidenta Claudia Sheinbaum Pardo, quien ha conducido al pa\u00eds en estos momentos de exigencia, con una amplia visi\u00f3n de Estado, a partir del di\u00e1logo, &hellip;<\/p>\n","protected":false},"author":2,"featured_media":15519,"comment_status":"open","ping_status":"open","sticky":false,"template":"","format":"standard","meta":{"footnotes":""},"categories":[39],"tags":[],"class_list":["post-15518","post","type-post","status-publish","format-standard","has-post-thumbnail","","category-tamaulipas"],"_links":{"self":[{"href":"https:\/\/www.radiointeractivo.com.mx\/index.php?rest_route=\/wp\/v2\/posts\/15518","targetHints":{"allow":["GET"]}}],"collection":[{"href":"https:\/\/www.radiointeractivo.com.mx\/index.php?rest_route=\/wp\/v2\/posts"}],"about":[{"href":"https:\/\/www.radiointeractivo.com.mx\/index.php?rest_route=\/wp\/v2\/types\/post"}],"author":[{"embeddable":true,"href":"https:\/\/www.radiointeractivo.com.mx\/index.php?rest_route=\/wp\/v2\/users\/2"}],"replies":[{"embeddable":true,"href":"https:\/\/www.radiointeractivo.com.mx\/index.php?rest_route=%2Fwp%2Fv2%2Fcomments&post=15518"}],"version-history":[{"count":1,"href":"https:\/\/www.radiointeractivo.com.mx\/index.php?rest_route=\/wp\/v2\/posts\/15518\/revisions"}],"predecessor-version":[{"id":15520,"href":"https:\/\/www.radiointeractivo.com.mx\/index.php?rest_route=\/wp\/v2\/posts\/15518\/revisions\/15520"}],"wp:featuredmedia":[{"embeddable":true,"href":"https:\/\/www.radiointeractivo.com.mx\/index.php?rest_route=\/wp\/v2\/media\/15519"}],"wp:attachment":[{"href":"https:\/\/www.radiointeractivo.com.mx\/index.php?rest_route=%2Fwp%2Fv2%2Fmedia&parent=15518"}],"wp:term":[{"taxonomy":"category","embeddable":true,"href":"https:\/\/www.radiointeractivo.com.mx\/index.php?rest_route=%2Fwp%2Fv2%2Fcategories&post=15518"},{"taxonomy":"post_tag","embeddable":true,"href":"https:\/\/www.radiointeractivo.com.mx\/index.php?rest_route=%2Fwp%2Fv2%2Ftags&post=15518"}],"curies":[{"name":"wp","href":"https:\/\/api.w.org\/{rel}","templated":true}]}}