{"id":15509,"date":"2025-04-04T09:55:13","date_gmt":"2025-04-04T14:55:13","guid":{"rendered":"https:\/\/www.radiointeractivo.com.mx\/?p=15509"},"modified":"2025-04-04T09:55:14","modified_gmt":"2025-04-04T14:55:14","slug":"trabajadores-de-la-seduma-se-solidarizan-con-familias-de-reynosa","status":"publish","type":"post","link":"https:\/\/www.radiointeractivo.com.mx\/?p=15509","title":{"rendered":"Trabajadores de la SEDUMA se solidarizan con familias de Reynosa"},"content":{"rendered":"\n<p>-El personal se organiz\u00f3 para reunir alimentos no perecederos, art\u00edculos de higiene personal y productos de limpieza para el hogar, con el objetivo de brindar un poco de ayuda a quienes resultaron afectados por las lluvias<\/p>\n\n\n\n<p>Abril 03 de 2025<\/p>\n\n\n\n<p>Ciudad Victoria, Tamaulipas.- En respuesta a las afectaciones causadas por las lluvias del pasado 28 de marzo, la Secretar\u00eda de Desarrollo Urbano y Medio Ambiente (SEDUMA) reafirm\u00f3 su compromiso con las y los tamaulipecos al sumarse a las acciones solidarias para apoyar a las familias afectadas en el municipio de Reynosa.<\/p>\n\n\n\n<p>Los trabajadores de la dependencia encabezados por la titular, Karina Lizeth Sald\u00edvar Lartigue, se organizaron para recolectar alimentos no perecederos, art\u00edculos de higiene personal y productos de limpieza para el hogar. Esta iniciativa surge como un acto voluntario y de empat\u00eda hacia quienes hoy atraviesan momentos dif\u00edciles a causa de la contingencia climatol\u00f3gica.<\/p>\n\n\n\n<p>Sald\u00edvar Lartigue resalt\u00f3 el esfuerzo colectivo del equipo que conforma la SEDUMA, \u201cla solidaridad no es un acto aislado, es parte del servicio p\u00fablico que elegimos ejercer\u201d.<\/p>\n\n\n\n<p>El apoyo tambi\u00e9n cont\u00f3 con la participaci\u00f3n activa de los Organismos P\u00fablicos Descentralizados adscritos a la secretar\u00eda, como el Instituto Tamaulipeco de Vivienda y Urbanismo (ITAVU), el Instituto Metropolitano de Planeaci\u00f3n del Sur de Tamaulipas (IMEPLAN), la Comisi\u00f3n de Caza y Pesca Deportiva, y la Comisi\u00f3n de Parques y Biodiversidad. Todos se sumaron con entusiasmo, consolidando un gesto institucional con rostro humano.<\/p>\n\n\n\n<p>El acopio fue entregado este jueves al Sistema DIF Tamaulipas, organismo encargado de canalizar la ayuda de forma ordenada y segura a las familias afectadas. Esta acci\u00f3n forma parte del esfuerzo interinstitucional promovido por el Gobierno del Estado para brindar acompa\u00f1amiento oportuno en situaciones de emergencia.<\/p>\n\n\n\n<p>\u201cM\u00e1s all\u00e1 de nuestras responsabilidades administrativas, est\u00e1 la vocaci\u00f3n de servir y estar cerca de la gente. Esta fue una oportunidad para demostrar que nuestras instituciones tambi\u00e9n saben ponerse en los zapatos del otro\u201d, agreg\u00f3 la secretaria.<\/p>\n\n\n\n<p>Con estas acciones, la SEDUMA refrenda su compromiso con el bienestar de la ciudadan\u00eda, demostrando que la funci\u00f3n p\u00fablica tambi\u00e9n se construye desde la empat\u00eda y la responsabilidad social.<\/p>\n","protected":false},"excerpt":{"rendered":"<p>-El personal se organiz\u00f3 para reunir alimentos no perecederos, art\u00edculos de higiene personal y productos de limpieza para el hogar, con el objetivo de brindar un poco de ayuda a quienes resultaron afectados por las lluvias Abril 03 de 2025 Ciudad Victoria, Tamaulipas.- En respuesta a las afectaciones causadas por las lluvias del pasado 28 &hellip;<\/p>\n","protected":false},"author":2,"featured_media":15510,"comment_status":"open","ping_status":"open","sticky":false,"template":"","format":"standard","meta":{"footnotes":""},"categories":[39],"tags":[],"class_list":["post-15509","post","type-post","status-publish","format-standard","has-post-thumbnail","","category-tamaulipas"],"_links":{"self":[{"href":"https:\/\/www.radiointeractivo.com.mx\/index.php?rest_route=\/wp\/v2\/posts\/15509","targetHints":{"allow":["GET"]}}],"collection":[{"href":"https:\/\/www.radiointeractivo.com.mx\/index.php?rest_route=\/wp\/v2\/posts"}],"about":[{"href":"https:\/\/www.radiointeractivo.com.mx\/index.php?rest_route=\/wp\/v2\/types\/post"}],"author":[{"embeddable":true,"href":"https:\/\/www.radiointeractivo.com.mx\/index.php?rest_route=\/wp\/v2\/users\/2"}],"replies":[{"embeddable":true,"href":"https:\/\/www.radiointeractivo.com.mx\/index.php?rest_route=%2Fwp%2Fv2%2Fcomments&post=15509"}],"version-history":[{"count":1,"href":"https:\/\/www.radiointeractivo.com.mx\/index.php?rest_route=\/wp\/v2\/posts\/15509\/revisions"}],"predecessor-version":[{"id":15511,"href":"https:\/\/www.radiointeractivo.com.mx\/index.php?rest_route=\/wp\/v2\/posts\/15509\/revisions\/15511"}],"wp:featuredmedia":[{"embeddable":true,"href":"https:\/\/www.radiointeractivo.com.mx\/index.php?rest_route=\/wp\/v2\/media\/15510"}],"wp:attachment":[{"href":"https:\/\/www.radiointeractivo.com.mx\/index.php?rest_route=%2Fwp%2Fv2%2Fmedia&parent=15509"}],"wp:term":[{"taxonomy":"category","embeddable":true,"href":"https:\/\/www.radiointeractivo.com.mx\/index.php?rest_route=%2Fwp%2Fv2%2Fcategories&post=15509"},{"taxonomy":"post_tag","embeddable":true,"href":"https:\/\/www.radiointeractivo.com.mx\/index.php?rest_route=%2Fwp%2Fv2%2Ftags&post=15509"}],"curies":[{"name":"wp","href":"https:\/\/api.w.org\/{rel}","templated":true}]}}