{"id":15503,"date":"2025-04-04T09:43:31","date_gmt":"2025-04-04T14:43:31","guid":{"rendered":"https:\/\/www.radiointeractivo.com.mx\/?p=15503"},"modified":"2025-04-04T09:43:33","modified_gmt":"2025-04-04T14:43:33","slug":"concientizan-a-ppls-de-cedes-altamira-sobre-trastornos-del-espectro-autista","status":"publish","type":"post","link":"https:\/\/www.radiointeractivo.com.mx\/?p=15503","title":{"rendered":"Concientizan a PPLs de CEDES Altamira sobre Trastornos del Espectro Autista"},"content":{"rendered":"\n<p>Abril 03 de 2025<\/p>\n\n\n\n<p>Altamira, Tamaulipas.- Con motivo del D\u00eda Internacional de la Concientizaci\u00f3n sobre Trastornos del Espectro Autista (TEA), el Departamento de Psicolog\u00eda del Centro de Ejecuci\u00f3n de Sanciones (CEDES) Altamira llev\u00f3 a cabo una conferencia impartida a las Personas Privadas de la Libertad (PPLs) con el fin de concientizarlos sobre este tema.<\/p>\n\n\n\n<p>El evento cont\u00f3 con la presencia de la directora del CEDES Altamira, Yolanda Garibay Caballero; la jefa del Departamento de Psicolog\u00eda, Jessica Torres Moctezuma; la psic\u00f3loga Carla Ivone S\u00e1enz Soni, as\u00ed como 20 varones en proceso de reinserci\u00f3n social.<\/p>\n\n\n\n<p>Durante la conferencia, se brind\u00f3 informaci\u00f3n sobre las caracter\u00edsticas del Trastorno del Espectro Autista (TEA), con el objetivo de sensibilizar a la comunidad penitenciaria, fomentar el respeto y empat\u00eda hacia las personas con esta condici\u00f3n.<\/p>\n\n\n\n<p>Al finalizar la sesi\u00f3n, la directora del CEDES Altamira agradeci\u00f3 la asistencia y participaci\u00f3n tanto de las PPLs como del personal del centro.<\/p>\n\n\n\n<p>Asimismo, exhort\u00f3 a la poblaci\u00f3n del centro, a continuar asistiendo a los programas y cursos gestionados por la Subsecretar\u00eda de Ejecuci\u00f3n de Sanciones y Reinserci\u00f3n Social, los cuales buscan contribuir su desarrollo y reintegraci\u00f3n a la sociedad.<\/p>\n","protected":false},"excerpt":{"rendered":"<p>Abril 03 de 2025 Altamira, Tamaulipas.- Con motivo del D\u00eda Internacional de la Concientizaci\u00f3n sobre Trastornos del Espectro Autista (TEA), el Departamento de Psicolog\u00eda del Centro de Ejecuci\u00f3n de Sanciones (CEDES) Altamira llev\u00f3 a cabo una conferencia impartida a las Personas Privadas de la Libertad (PPLs) con el fin de concientizarlos sobre este tema. El &hellip;<\/p>\n","protected":false},"author":2,"featured_media":15504,"comment_status":"open","ping_status":"open","sticky":false,"template":"","format":"standard","meta":{"footnotes":""},"categories":[39],"tags":[],"class_list":["post-15503","post","type-post","status-publish","format-standard","has-post-thumbnail","","category-tamaulipas"],"_links":{"self":[{"href":"https:\/\/www.radiointeractivo.com.mx\/index.php?rest_route=\/wp\/v2\/posts\/15503","targetHints":{"allow":["GET"]}}],"collection":[{"href":"https:\/\/www.radiointeractivo.com.mx\/index.php?rest_route=\/wp\/v2\/posts"}],"about":[{"href":"https:\/\/www.radiointeractivo.com.mx\/index.php?rest_route=\/wp\/v2\/types\/post"}],"author":[{"embeddable":true,"href":"https:\/\/www.radiointeractivo.com.mx\/index.php?rest_route=\/wp\/v2\/users\/2"}],"replies":[{"embeddable":true,"href":"https:\/\/www.radiointeractivo.com.mx\/index.php?rest_route=%2Fwp%2Fv2%2Fcomments&post=15503"}],"version-history":[{"count":1,"href":"https:\/\/www.radiointeractivo.com.mx\/index.php?rest_route=\/wp\/v2\/posts\/15503\/revisions"}],"predecessor-version":[{"id":15505,"href":"https:\/\/www.radiointeractivo.com.mx\/index.php?rest_route=\/wp\/v2\/posts\/15503\/revisions\/15505"}],"wp:featuredmedia":[{"embeddable":true,"href":"https:\/\/www.radiointeractivo.com.mx\/index.php?rest_route=\/wp\/v2\/media\/15504"}],"wp:attachment":[{"href":"https:\/\/www.radiointeractivo.com.mx\/index.php?rest_route=%2Fwp%2Fv2%2Fmedia&parent=15503"}],"wp:term":[{"taxonomy":"category","embeddable":true,"href":"https:\/\/www.radiointeractivo.com.mx\/index.php?rest_route=%2Fwp%2Fv2%2Fcategories&post=15503"},{"taxonomy":"post_tag","embeddable":true,"href":"https:\/\/www.radiointeractivo.com.mx\/index.php?rest_route=%2Fwp%2Fv2%2Ftags&post=15503"}],"curies":[{"name":"wp","href":"https:\/\/api.w.org\/{rel}","templated":true}]}}