{"id":15500,"date":"2025-04-04T09:32:30","date_gmt":"2025-04-04T14:32:30","guid":{"rendered":"https:\/\/www.radiointeractivo.com.mx\/?p=15500"},"modified":"2025-04-04T09:32:32","modified_gmt":"2025-04-04T14:32:32","slug":"mantiene-gobierno-de-tamaulipas-atencion-a-las-y-los-reynosenses","status":"publish","type":"post","link":"https:\/\/www.radiointeractivo.com.mx\/?p=15500","title":{"rendered":"Mantiene Gobierno de Tamaulipas atenci\u00f3n a las y los reynosenses"},"content":{"rendered":"\n<p>Abril 03 de 2025<\/p>\n\n\n\n<p>Reynosa, Tamaulipas.\u2013 En el tercer d\u00eda de la brigada en Reynosa, realizada por el Gobierno de Tamaulipas, en la que participan la Secretar\u00eda de Bienestar Social, el Sistema DIF Tamaulipas la Secretar\u00eda de Obras P\u00fablicas y el Ej\u00e9rcito Mexicano, se mantienen las labores de apoyo a la poblaci\u00f3n afectada por las inundaciones en este municipio.<\/p>\n\n\n\n<p>Por instrucci\u00f3n del gobernador Am\u00e9rico Villarreal Anaya y la presidenta del Sistema DIF Tamaulipas, la Dra. Mar\u00eda de Villarreal, la secretaria de Bienestar Social, Silvia Casas Gonz\u00e1lez, encabez\u00f3 la entrega de apoyos recorriendo casa por casa en las colonias Santa Cecilia, Santa Cruz, Vicente Guerrero, Riveras de Rancho Grande y Las Torres, donde se distribuyeron insumos para atender las necesidades m\u00e1s urgentes de la poblaci\u00f3n.<\/p>\n\n\n\n<p>Sumado a estas acciones, en la colonia Juan Escutia se realizaron labores de recolecci\u00f3n de escombros y residuos urbanos para mejorar las condiciones sanitarias de la comunidad.<\/p>\n\n\n\n<p>Cabe mencionar que hasta la fecha se han entregado cerca de 3 mil paquetes alimentarios y un n\u00famero similar de art\u00edculos de limpieza, como parte del compromiso del Gobierno del Estado de Tamaulipas para respaldar a las familias afectadas.<\/p>\n\n\n\n<p>Estas acciones de apoyo continuar\u00e1n en coordinaci\u00f3n con las distintas dependencias estatales, reafirmando el compromiso de la administraci\u00f3n estatal con quienes m\u00e1s lo necesitan.<\/p>\n","protected":false},"excerpt":{"rendered":"<p>Abril 03 de 2025 Reynosa, Tamaulipas.\u2013 En el tercer d\u00eda de la brigada en Reynosa, realizada por el Gobierno de Tamaulipas, en la que participan la Secretar\u00eda de Bienestar Social, el Sistema DIF Tamaulipas la Secretar\u00eda de Obras P\u00fablicas y el Ej\u00e9rcito Mexicano, se mantienen las labores de apoyo a la poblaci\u00f3n afectada por las &hellip;<\/p>\n","protected":false},"author":2,"featured_media":15501,"comment_status":"open","ping_status":"open","sticky":false,"template":"","format":"standard","meta":{"footnotes":""},"categories":[39],"tags":[],"class_list":["post-15500","post","type-post","status-publish","format-standard","has-post-thumbnail","","category-tamaulipas"],"_links":{"self":[{"href":"https:\/\/www.radiointeractivo.com.mx\/index.php?rest_route=\/wp\/v2\/posts\/15500","targetHints":{"allow":["GET"]}}],"collection":[{"href":"https:\/\/www.radiointeractivo.com.mx\/index.php?rest_route=\/wp\/v2\/posts"}],"about":[{"href":"https:\/\/www.radiointeractivo.com.mx\/index.php?rest_route=\/wp\/v2\/types\/post"}],"author":[{"embeddable":true,"href":"https:\/\/www.radiointeractivo.com.mx\/index.php?rest_route=\/wp\/v2\/users\/2"}],"replies":[{"embeddable":true,"href":"https:\/\/www.radiointeractivo.com.mx\/index.php?rest_route=%2Fwp%2Fv2%2Fcomments&post=15500"}],"version-history":[{"count":1,"href":"https:\/\/www.radiointeractivo.com.mx\/index.php?rest_route=\/wp\/v2\/posts\/15500\/revisions"}],"predecessor-version":[{"id":15502,"href":"https:\/\/www.radiointeractivo.com.mx\/index.php?rest_route=\/wp\/v2\/posts\/15500\/revisions\/15502"}],"wp:featuredmedia":[{"embeddable":true,"href":"https:\/\/www.radiointeractivo.com.mx\/index.php?rest_route=\/wp\/v2\/media\/15501"}],"wp:attachment":[{"href":"https:\/\/www.radiointeractivo.com.mx\/index.php?rest_route=%2Fwp%2Fv2%2Fmedia&parent=15500"}],"wp:term":[{"taxonomy":"category","embeddable":true,"href":"https:\/\/www.radiointeractivo.com.mx\/index.php?rest_route=%2Fwp%2Fv2%2Fcategories&post=15500"},{"taxonomy":"post_tag","embeddable":true,"href":"https:\/\/www.radiointeractivo.com.mx\/index.php?rest_route=%2Fwp%2Fv2%2Ftags&post=15500"}],"curies":[{"name":"wp","href":"https:\/\/api.w.org\/{rel}","templated":true}]}}