{"id":15494,"date":"2025-04-04T09:26:40","date_gmt":"2025-04-04T14:26:40","guid":{"rendered":"https:\/\/www.radiointeractivo.com.mx\/?p=15494"},"modified":"2025-04-04T09:26:41","modified_gmt":"2025-04-04T14:26:41","slug":"conmemoro-tamaulipas-dia-mundial-de-concientizacion-sobre-el-autismo-con-actividades-inclusivas-y-deportivas","status":"publish","type":"post","link":"https:\/\/www.radiointeractivo.com.mx\/?p=15494","title":{"rendered":"Conmemor\u00f3 Tamaulipas D\u00eda Mundial de Concientizaci\u00f3n sobre el Autismo con actividades inclusivas y deportivas"},"content":{"rendered":"\n<p>Abril 03 de 2025<\/p>\n\n\n\n<p>Ciudad Victoria, Tamaulipas. \u2013 En conmemoraci\u00f3n del D\u00eda Mundial de Concientizaci\u00f3n sobre el Autismo, el Sistema Intersectorial de Protecci\u00f3n y Gesti\u00f3n Integral de Derechos de las Personas con Discapacidad, bajo la direcci\u00f3n de Brayan Eleazar Arellano Rodr\u00edguez, organiz\u00f3 un evento enfocado en la inclusi\u00f3n social y la defensa de los derechos de las personas con discapacidad.<\/p>\n\n\n\n<p>El evento incluy\u00f3 una exposici\u00f3n de productos elaborados por personas con discapacidad, as\u00ed como un torneo deportivo de Tochito denominado \u201cTorneo Azul\u201d.<\/p>\n\n\n\n<p>H\u00e9ctor Joel Villegas Gonz\u00e1lez secretario general de Gobierno, estuvo presente para apoyar y acompa\u00f1ar a las y los participantes.<\/p>\n\n\n\n<p>Villegas Gonz\u00e1lez recorri\u00f3 los stands de la exposici\u00f3n, interactuando con los exponentes y destacando la importancia de visibilizar el talento y experiencia de las personas con discapacidad.<\/p>\n\n\n\n<p>En su mensaje, resalt\u00f3 el compromiso del Gobierno del Estado de Tamaulipas con la inclusi\u00f3n social y la igualdad de oportunidades, siguiendo las instrucciones del gobernador Am\u00e9rico Villarreal Anaya.<\/p>\n\n\n\n<p>&#8220;Hoy reflexionamos sobre la inclusi\u00f3n y la igualdad de oportunidades para todas y todos, sin importar sus discapacidades. La Secretar\u00eda General de Gobierno sigue trabajando en pol\u00edticas y programas para garantizar la inclusi\u00f3n de las personas con discapacidad&#8221;, expres\u00f3.<\/p>\n\n\n\n<p>Por su parte, Gidalthy Merary Rico Estrada, representante de Padres de Ni\u00f1os con Autismo, destac\u00f3 el evento como un paso crucial en el proceso de concientizaci\u00f3n sobre el espectro autista, instando a la sociedad a eliminar prejuicios y crear un entorno de oportunidades para las ni\u00f1as y ni\u00f1os dentro del espectro.<\/p>\n\n\n\n<p>Al finalizar el \u201cTorneo Azul\u201d, el secretario general de Gobierno entreg\u00f3 reconocimientos a los equipos participantes: Venados, F\u00e9nix, \u00c1guilas del CONALEP, Lobos Victoria, Hellcats, Master Vic y Guerreros USJT.<\/p>\n\n\n\n<p>El evento tambi\u00e9n cont\u00f3 con la presencia de Jorge Luis Beas G\u00e1mez, subsecretario de Legalidad y Servicios Gubernamentales; Jessica Anah\u00ed Ramos Cruz, directora Acad\u00e9mica de la Universidad de Seguridad y Justicia de Tamaulipas, y Andr\u00e9s Jos\u00e9 Arce Salinas, jefe del Departamento de Organizaci\u00f3n Deportiva del INDE.<\/p>\n","protected":false},"excerpt":{"rendered":"<p>Abril 03 de 2025 Ciudad Victoria, Tamaulipas. \u2013 En conmemoraci\u00f3n del D\u00eda Mundial de Concientizaci\u00f3n sobre el Autismo, el Sistema Intersectorial de Protecci\u00f3n y Gesti\u00f3n Integral de Derechos de las Personas con Discapacidad, bajo la direcci\u00f3n de Brayan Eleazar Arellano Rodr\u00edguez, organiz\u00f3 un evento enfocado en la inclusi\u00f3n social y la defensa de los derechos &hellip;<\/p>\n","protected":false},"author":2,"featured_media":15495,"comment_status":"open","ping_status":"open","sticky":false,"template":"","format":"standard","meta":{"footnotes":""},"categories":[39],"tags":[],"class_list":["post-15494","post","type-post","status-publish","format-standard","has-post-thumbnail","","category-tamaulipas"],"_links":{"self":[{"href":"https:\/\/www.radiointeractivo.com.mx\/index.php?rest_route=\/wp\/v2\/posts\/15494","targetHints":{"allow":["GET"]}}],"collection":[{"href":"https:\/\/www.radiointeractivo.com.mx\/index.php?rest_route=\/wp\/v2\/posts"}],"about":[{"href":"https:\/\/www.radiointeractivo.com.mx\/index.php?rest_route=\/wp\/v2\/types\/post"}],"author":[{"embeddable":true,"href":"https:\/\/www.radiointeractivo.com.mx\/index.php?rest_route=\/wp\/v2\/users\/2"}],"replies":[{"embeddable":true,"href":"https:\/\/www.radiointeractivo.com.mx\/index.php?rest_route=%2Fwp%2Fv2%2Fcomments&post=15494"}],"version-history":[{"count":1,"href":"https:\/\/www.radiointeractivo.com.mx\/index.php?rest_route=\/wp\/v2\/posts\/15494\/revisions"}],"predecessor-version":[{"id":15496,"href":"https:\/\/www.radiointeractivo.com.mx\/index.php?rest_route=\/wp\/v2\/posts\/15494\/revisions\/15496"}],"wp:featuredmedia":[{"embeddable":true,"href":"https:\/\/www.radiointeractivo.com.mx\/index.php?rest_route=\/wp\/v2\/media\/15495"}],"wp:attachment":[{"href":"https:\/\/www.radiointeractivo.com.mx\/index.php?rest_route=%2Fwp%2Fv2%2Fmedia&parent=15494"}],"wp:term":[{"taxonomy":"category","embeddable":true,"href":"https:\/\/www.radiointeractivo.com.mx\/index.php?rest_route=%2Fwp%2Fv2%2Fcategories&post=15494"},{"taxonomy":"post_tag","embeddable":true,"href":"https:\/\/www.radiointeractivo.com.mx\/index.php?rest_route=%2Fwp%2Fv2%2Ftags&post=15494"}],"curies":[{"name":"wp","href":"https:\/\/api.w.org\/{rel}","templated":true}]}}