{"id":15482,"date":"2025-04-03T17:31:57","date_gmt":"2025-04-03T22:31:57","guid":{"rendered":"https:\/\/www.radiointeractivo.com.mx\/?p=15482"},"modified":"2025-04-03T17:31:58","modified_gmt":"2025-04-03T22:31:58","slug":"representaran-con-orgullo-a-nuevo-laredo-en-regional-de-rondas-y-salto-de-cuerda","status":"publish","type":"post","link":"https:\/\/www.radiointeractivo.com.mx\/?p=15482","title":{"rendered":"REPRESENTAR\u00c1N CON ORGULLO A NUEVO LAREDO EN REGIONAL DE RONDAS Y SALTO DE CUERDA"},"content":{"rendered":"\n<figure class=\"wp-block-image size-large\"><img loading=\"lazy\" decoding=\"async\" width=\"1024\" height=\"586\" src=\"https:\/\/www.radiointeractivo.com.mx\/wp-content\/uploads\/2025\/04\/WhatsApp-Image-2025-04-03-at-5.07.22-PM-2-1024x586.jpeg\" alt=\"\" class=\"wp-image-15483\" srcset=\"https:\/\/www.radiointeractivo.com.mx\/wp-content\/uploads\/2025\/04\/WhatsApp-Image-2025-04-03-at-5.07.22-PM-2-1024x586.jpeg 1024w, https:\/\/www.radiointeractivo.com.mx\/wp-content\/uploads\/2025\/04\/WhatsApp-Image-2025-04-03-at-5.07.22-PM-2-300x172.jpeg 300w, https:\/\/www.radiointeractivo.com.mx\/wp-content\/uploads\/2025\/04\/WhatsApp-Image-2025-04-03-at-5.07.22-PM-2-768x440.jpeg 768w, https:\/\/www.radiointeractivo.com.mx\/wp-content\/uploads\/2025\/04\/WhatsApp-Image-2025-04-03-at-5.07.22-PM-2.jpeg 1280w\" sizes=\"auto, (max-width: 1024px) 100vw, 1024px\" \/><\/figure>\n\n\n\n<p>Por: Staff | #NuevoLaredo #Laredo #NLD #Tamaulipas<\/p>\n\n\n\n<p>Con el coraz\u00f3n lleno de ilusi\u00f3n y la energ\u00eda a flor de piel, los talentosos ganadores de la etapa municipal del concurso de Rondas y Salto de Cuerda \u201cLa Tradici\u00f3n Nos Une\u201d emprendieron este jueves su viaje hacia Matamoros.<\/p>\n\n\n\n<p>All\u00ed, en la fase regional, demostrar\u00e1n su esfuerzo, dedicaci\u00f3n y amor por nuestras tradiciones, en un evento organizado por el Sistema DIF Tamaulipas, encabezado por la Dra. Mar\u00eda de Villarreal.<\/p>\n\n\n\n<p>Este viernes 4 de abril, el Gimnasio Multidisciplinario de la Universidad Aut\u00f3noma de Tamaulipas (UAT) se convertir\u00e1 en el escenario donde estos peque\u00f1os grandes talentos se enfrentar\u00e1n a competidores de distintos municipios de la zona norte del estado. Con cada salto y cada ronda, luchar\u00e1n por un lugar en la gran final estatal, programada para mayo en Ciudad Victoria.<\/p>\n\n\n\n<p>Los representantes de Nuevo Laredo participar\u00e1n en las disciplinas de salto de cuerda individual, en pareja, en conjunto y rondas infantiles, llevando consigo el esp\u00edritu de lucha y el orgullo de nuestra ciudad.<\/p>\n\n\n\n<p>La presidenta del Sistema DIF de Nuevo Laredo, Claudette Canturosas Villarreal, les envi\u00f3 un mensaje cargado de emoci\u00f3n y apoyo.<\/p>\n\n\n\n<p>&#8220;Cada uno de ustedes es un orgullo para nuestra ciudad. Conf\u00edo en su talento, en su esfuerzo y en su pasi\u00f3n; den lo mejor de s\u00ed mismos y disfruten esta experiencia \u00fanica; vamos, Nuevo Laredo&#8221;, expres\u00f3.<\/p>\n\n\n\n<p>Los estudiantes que representar\u00e1n a la ciudad en la etapa regional son: salto de cuerda individual, Escuela Primaria Independencia Nacional; salto de cuerda en pareja, Escuela Primaria Enrique C. Rebsamen; salto de cuerda en conjunto, Escuela Primaria Bicentenario; rondas infantiles, Escuela Primaria Rosendo Caballero Gonz\u00e1lez.<\/p>\n\n\n\n<p>Este concurso, promovido por el DIF Tamaulipas, no solo impulsa la sana competencia, sino que mantiene vivas nuestras tradiciones, fortalece la convivencia y fomenta el desarrollo integral de la ni\u00f1ez tamaulipeca.<\/p>\n","protected":false},"excerpt":{"rendered":"<p>Por: Staff | #NuevoLaredo #Laredo #NLD #Tamaulipas Con el coraz\u00f3n lleno de ilusi\u00f3n y la energ\u00eda a flor de piel, los talentosos ganadores de la etapa municipal del concurso de Rondas y Salto de Cuerda \u201cLa Tradici\u00f3n Nos Une\u201d emprendieron este jueves su viaje hacia Matamoros. All\u00ed, en la fase regional, demostrar\u00e1n su esfuerzo, dedicaci\u00f3n &hellip;<\/p>\n","protected":false},"author":1,"featured_media":15483,"comment_status":"open","ping_status":"open","sticky":false,"template":"","format":"standard","meta":{"footnotes":""},"categories":[39],"tags":[],"class_list":["post-15482","post","type-post","status-publish","format-standard","has-post-thumbnail","","category-tamaulipas"],"_links":{"self":[{"href":"https:\/\/www.radiointeractivo.com.mx\/index.php?rest_route=\/wp\/v2\/posts\/15482","targetHints":{"allow":["GET"]}}],"collection":[{"href":"https:\/\/www.radiointeractivo.com.mx\/index.php?rest_route=\/wp\/v2\/posts"}],"about":[{"href":"https:\/\/www.radiointeractivo.com.mx\/index.php?rest_route=\/wp\/v2\/types\/post"}],"author":[{"embeddable":true,"href":"https:\/\/www.radiointeractivo.com.mx\/index.php?rest_route=\/wp\/v2\/users\/1"}],"replies":[{"embeddable":true,"href":"https:\/\/www.radiointeractivo.com.mx\/index.php?rest_route=%2Fwp%2Fv2%2Fcomments&post=15482"}],"version-history":[{"count":1,"href":"https:\/\/www.radiointeractivo.com.mx\/index.php?rest_route=\/wp\/v2\/posts\/15482\/revisions"}],"predecessor-version":[{"id":15484,"href":"https:\/\/www.radiointeractivo.com.mx\/index.php?rest_route=\/wp\/v2\/posts\/15482\/revisions\/15484"}],"wp:featuredmedia":[{"embeddable":true,"href":"https:\/\/www.radiointeractivo.com.mx\/index.php?rest_route=\/wp\/v2\/media\/15483"}],"wp:attachment":[{"href":"https:\/\/www.radiointeractivo.com.mx\/index.php?rest_route=%2Fwp%2Fv2%2Fmedia&parent=15482"}],"wp:term":[{"taxonomy":"category","embeddable":true,"href":"https:\/\/www.radiointeractivo.com.mx\/index.php?rest_route=%2Fwp%2Fv2%2Fcategories&post=15482"},{"taxonomy":"post_tag","embeddable":true,"href":"https:\/\/www.radiointeractivo.com.mx\/index.php?rest_route=%2Fwp%2Fv2%2Ftags&post=15482"}],"curies":[{"name":"wp","href":"https:\/\/api.w.org\/{rel}","templated":true}]}}