{"id":15442,"date":"2025-04-03T09:41:12","date_gmt":"2025-04-03T14:41:12","guid":{"rendered":"https:\/\/www.radiointeractivo.com.mx\/?p=15442"},"modified":"2025-04-03T09:41:13","modified_gmt":"2025-04-03T14:41:13","slug":"delegaciones-y-coordinaciones-de-la-guardia-estatal-se-suman-con-donativo-para-poblacion-afectada-por-inundaciones","status":"publish","type":"post","link":"https:\/\/www.radiointeractivo.com.mx\/?p=15442","title":{"rendered":"Delegaciones y coordinaciones de la Guardia Estatal se suman con donativo para poblaci\u00f3n afectada por inundaciones"},"content":{"rendered":"\n<p>Abril 02 de 2025<\/p>\n\n\n\n<p>Ciudad Victoria, Tamaulipas.- A trav\u00e9s del Centro de Acopio instalado en el Complejo Estatal de Seguridad P\u00fablica, personal de las diferentes delegaciones y coordinaciones de la Guardia Estatal contin\u00faan aportando sus donativos, que ser\u00e1n destinados a la poblaci\u00f3n afectada por inundaciones en municipios fronterizos.<\/p>\n\n\n\n<p>Art\u00edculos de higiene personal, limpieza y alimentos no perecederos son algunos de los productos recolectados en la colecta que encabeza el secretario de Seguridad P\u00fablica de Tamaulipas, Sergio Hernando Ch\u00e1vez Garc\u00eda.<\/p>\n\n\n\n<p>Elementos de la Subsecretar\u00eda de Operaciones de la Guardia Estatal, Operaciones Especiales, Fuerzas Especiales de la Guardia Estatal (FEGE), personal operativo destacamentado en otros municipios y colaboradores de las diferentes \u00e1reas de la Secretar\u00eda de Seguridad P\u00fablica de Tamaulipas (SSPT) refrendan su compromiso con la sociedad al aportar diferentes donativos.<\/p>\n\n\n\n<p>Entre las \u00e1reas participantes destacan: Subsecretar\u00eda de Ejecuci\u00f3n de Sanciones y Reinserci\u00f3n Social, Coordinaci\u00f3n General Jur\u00eddica, Direcci\u00f3n de Administraci\u00f3n de Personal, la Universidad de Seguridad y Justicia, Direcci\u00f3n de An\u00e1lisis e Inteligencia, Asuntos Internos, Polic\u00eda Auxiliar y la Comisi\u00f3n de Acreditaci\u00f3n para Agencias de Aplicaci\u00f3n de la Ley (CALEA), entre otras.<\/p>\n","protected":false},"excerpt":{"rendered":"<p>Abril 02 de 2025 Ciudad Victoria, Tamaulipas.- A trav\u00e9s del Centro de Acopio instalado en el Complejo Estatal de Seguridad P\u00fablica, personal de las diferentes delegaciones y coordinaciones de la Guardia Estatal contin\u00faan aportando sus donativos, que ser\u00e1n destinados a la poblaci\u00f3n afectada por inundaciones en municipios fronterizos. Art\u00edculos de higiene personal, limpieza y alimentos &hellip;<\/p>\n","protected":false},"author":2,"featured_media":15443,"comment_status":"open","ping_status":"open","sticky":false,"template":"","format":"standard","meta":{"footnotes":""},"categories":[39],"tags":[],"class_list":["post-15442","post","type-post","status-publish","format-standard","has-post-thumbnail","","category-tamaulipas"],"_links":{"self":[{"href":"https:\/\/www.radiointeractivo.com.mx\/index.php?rest_route=\/wp\/v2\/posts\/15442","targetHints":{"allow":["GET"]}}],"collection":[{"href":"https:\/\/www.radiointeractivo.com.mx\/index.php?rest_route=\/wp\/v2\/posts"}],"about":[{"href":"https:\/\/www.radiointeractivo.com.mx\/index.php?rest_route=\/wp\/v2\/types\/post"}],"author":[{"embeddable":true,"href":"https:\/\/www.radiointeractivo.com.mx\/index.php?rest_route=\/wp\/v2\/users\/2"}],"replies":[{"embeddable":true,"href":"https:\/\/www.radiointeractivo.com.mx\/index.php?rest_route=%2Fwp%2Fv2%2Fcomments&post=15442"}],"version-history":[{"count":1,"href":"https:\/\/www.radiointeractivo.com.mx\/index.php?rest_route=\/wp\/v2\/posts\/15442\/revisions"}],"predecessor-version":[{"id":15444,"href":"https:\/\/www.radiointeractivo.com.mx\/index.php?rest_route=\/wp\/v2\/posts\/15442\/revisions\/15444"}],"wp:featuredmedia":[{"embeddable":true,"href":"https:\/\/www.radiointeractivo.com.mx\/index.php?rest_route=\/wp\/v2\/media\/15443"}],"wp:attachment":[{"href":"https:\/\/www.radiointeractivo.com.mx\/index.php?rest_route=%2Fwp%2Fv2%2Fmedia&parent=15442"}],"wp:term":[{"taxonomy":"category","embeddable":true,"href":"https:\/\/www.radiointeractivo.com.mx\/index.php?rest_route=%2Fwp%2Fv2%2Fcategories&post=15442"},{"taxonomy":"post_tag","embeddable":true,"href":"https:\/\/www.radiointeractivo.com.mx\/index.php?rest_route=%2Fwp%2Fv2%2Ftags&post=15442"}],"curies":[{"name":"wp","href":"https:\/\/api.w.org\/{rel}","templated":true}]}}