{"id":15419,"date":"2025-04-02T16:09:07","date_gmt":"2025-04-02T21:09:07","guid":{"rendered":"https:\/\/www.radiointeractivo.com.mx\/?p=15419"},"modified":"2025-04-02T16:09:09","modified_gmt":"2025-04-02T21:09:09","slug":"amor-inclusion-y-conciencia-dif-organiza-emotiva-jornada-por-el-dia-del-autismo","status":"publish","type":"post","link":"https:\/\/www.radiointeractivo.com.mx\/?p=15419","title":{"rendered":"AMOR, INCLUSI\u00d3N Y CONCIENCIA: DIF ORGANIZA EMOTIVA JORNADA POR EL D\u00cdA DEL AUTISMO"},"content":{"rendered":"\n<figure class=\"wp-block-image size-large\"><img loading=\"lazy\" decoding=\"async\" width=\"1024\" height=\"576\" src=\"https:\/\/www.radiointeractivo.com.mx\/wp-content\/uploads\/2025\/04\/WhatsApp-Image-2025-04-02-at-3.34.41-PM-1-1024x576.jpeg\" alt=\"\" class=\"wp-image-15420\" srcset=\"https:\/\/www.radiointeractivo.com.mx\/wp-content\/uploads\/2025\/04\/WhatsApp-Image-2025-04-02-at-3.34.41-PM-1-1024x576.jpeg 1024w, https:\/\/www.radiointeractivo.com.mx\/wp-content\/uploads\/2025\/04\/WhatsApp-Image-2025-04-02-at-3.34.41-PM-1-300x169.jpeg 300w, https:\/\/www.radiointeractivo.com.mx\/wp-content\/uploads\/2025\/04\/WhatsApp-Image-2025-04-02-at-3.34.41-PM-1-768x432.jpeg 768w, https:\/\/www.radiointeractivo.com.mx\/wp-content\/uploads\/2025\/04\/WhatsApp-Image-2025-04-02-at-3.34.41-PM-1.jpeg 1280w\" sizes=\"auto, (max-width: 1024px) 100vw, 1024px\" \/><\/figure>\n\n\n\n<p>Por: Staff | #NuevoLaredo #Laredo #NLD #Tamaulipas<\/p>\n\n\n\n<p>En un emotivo evento lleno de sonrisas y momentos inolvidables, el Sistema DIF celebr\u00f3 el D\u00eda Mundial de Concienciaci\u00f3n sobre el Autismo con una jornada especial para los integrantes del Centro de Autismo, sus terapeutas y las familias que los acompa\u00f1an en su camino de desarrollo y superaci\u00f3n.<\/p>\n\n\n\n<p>Bajo el c\u00e1lido abrazo de la presidenta del Sistema DIF, Claudette Canturosas Villarreal, los 250 asistentes disfrutaron de una visita guiada y un recorrido por el Zool\u00f3gico de Nuevo Laredo. Entre risas y asombro, los ni\u00f1os tuvieron la oportunidad de maravillarse con la fauna silvestre, sentir la conexi\u00f3n con la naturaleza y experimentar un d\u00eda distinto, lleno de ilusi\u00f3n y felicidad.<\/p>\n\n\n\n<p>\u201cHoy, m\u00e1s que nunca, nos unimos como una gran familia para visibilizar y apoyar a quienes viven con autismo. Queremos que cada ni\u00f1o, cada madre, cada padre sienta que no est\u00e1 solo, que el Sistema DIF est\u00e1 aqu\u00ed para acompa\u00f1arlos con amor, comprensi\u00f3n y atenci\u00f3n especializada\u201d, expres\u00f3 con emoci\u00f3n la presidenta del Sistema DIF.<\/p>\n\n\n\n<p>Durante la jornada, los peque\u00f1os recibieron obsequios significativos, como termos y camisetas conmemorativas, s\u00edmbolos de una comunidad que se fortalece con cada gesto de solidaridad y cari\u00f1o. La celebraci\u00f3n culmin\u00f3 con un conmovedor convivio en las instalaciones del Zool\u00f3gico, donde padres, hijos y terapeutas compartieron un momento de uni\u00f3n, reforzando la importancia del apoyo mutuo.<\/p>\n\n\n\n<p>Este evento refleja el compromiso del Sistema DIF con las familias, promoviendo la inclusi\u00f3n, el respeto y la empat\u00eda hacia las personas con autismo. Cada sonrisa de los ni\u00f1os y cada abrazo de agradecimiento nos recuerdan que la verdadera transformaci\u00f3n comienza con el amor y la aceptaci\u00f3n.<\/p>\n","protected":false},"excerpt":{"rendered":"<p>Por: Staff | #NuevoLaredo #Laredo #NLD #Tamaulipas En un emotivo evento lleno de sonrisas y momentos inolvidables, el Sistema DIF celebr\u00f3 el D\u00eda Mundial de Concienciaci\u00f3n sobre el Autismo con una jornada especial para los integrantes del Centro de Autismo, sus terapeutas y las familias que los acompa\u00f1an en su camino de desarrollo y superaci\u00f3n. &hellip;<\/p>\n","protected":false},"author":1,"featured_media":15420,"comment_status":"open","ping_status":"open","sticky":false,"template":"","format":"standard","meta":{"footnotes":""},"categories":[38],"tags":[],"class_list":["post-15419","post","type-post","status-publish","format-standard","has-post-thumbnail","","category-nuevo-laredo"],"_links":{"self":[{"href":"https:\/\/www.radiointeractivo.com.mx\/index.php?rest_route=\/wp\/v2\/posts\/15419","targetHints":{"allow":["GET"]}}],"collection":[{"href":"https:\/\/www.radiointeractivo.com.mx\/index.php?rest_route=\/wp\/v2\/posts"}],"about":[{"href":"https:\/\/www.radiointeractivo.com.mx\/index.php?rest_route=\/wp\/v2\/types\/post"}],"author":[{"embeddable":true,"href":"https:\/\/www.radiointeractivo.com.mx\/index.php?rest_route=\/wp\/v2\/users\/1"}],"replies":[{"embeddable":true,"href":"https:\/\/www.radiointeractivo.com.mx\/index.php?rest_route=%2Fwp%2Fv2%2Fcomments&post=15419"}],"version-history":[{"count":1,"href":"https:\/\/www.radiointeractivo.com.mx\/index.php?rest_route=\/wp\/v2\/posts\/15419\/revisions"}],"predecessor-version":[{"id":15421,"href":"https:\/\/www.radiointeractivo.com.mx\/index.php?rest_route=\/wp\/v2\/posts\/15419\/revisions\/15421"}],"wp:featuredmedia":[{"embeddable":true,"href":"https:\/\/www.radiointeractivo.com.mx\/index.php?rest_route=\/wp\/v2\/media\/15420"}],"wp:attachment":[{"href":"https:\/\/www.radiointeractivo.com.mx\/index.php?rest_route=%2Fwp%2Fv2%2Fmedia&parent=15419"}],"wp:term":[{"taxonomy":"category","embeddable":true,"href":"https:\/\/www.radiointeractivo.com.mx\/index.php?rest_route=%2Fwp%2Fv2%2Fcategories&post=15419"},{"taxonomy":"post_tag","embeddable":true,"href":"https:\/\/www.radiointeractivo.com.mx\/index.php?rest_route=%2Fwp%2Fv2%2Ftags&post=15419"}],"curies":[{"name":"wp","href":"https:\/\/api.w.org\/{rel}","templated":true}]}}