{"id":15409,"date":"2025-04-02T15:03:51","date_gmt":"2025-04-02T20:03:51","guid":{"rendered":"https:\/\/www.radiointeractivo.com.mx\/?p=15409"},"modified":"2025-04-02T15:03:53","modified_gmt":"2025-04-02T20:03:53","slug":"anuncia-gobierno-municipal-cierre-de-carretera-nacional-por-trabajos-de-construccion-de-puente-peatonal","status":"publish","type":"post","link":"https:\/\/www.radiointeractivo.com.mx\/?p=15409","title":{"rendered":"ANUNCIA GOBIERNO MUNICIPAL CIERRE DE CARRETERA NACIONAL POR TRABAJOS DE CONSTRUCCI\u00d3N DE PUENTE PEATONAL"},"content":{"rendered":"\n<figure class=\"wp-block-image size-large\"><img loading=\"lazy\" decoding=\"async\" width=\"1024\" height=\"768\" src=\"https:\/\/www.radiointeractivo.com.mx\/wp-content\/uploads\/2025\/04\/WhatsApp-Image-2025-04-02-at-2.28.20-PM-1024x768.jpeg\" alt=\"\" class=\"wp-image-15417\" srcset=\"https:\/\/www.radiointeractivo.com.mx\/wp-content\/uploads\/2025\/04\/WhatsApp-Image-2025-04-02-at-2.28.20-PM-1024x768.jpeg 1024w, https:\/\/www.radiointeractivo.com.mx\/wp-content\/uploads\/2025\/04\/WhatsApp-Image-2025-04-02-at-2.28.20-PM-300x225.jpeg 300w, https:\/\/www.radiointeractivo.com.mx\/wp-content\/uploads\/2025\/04\/WhatsApp-Image-2025-04-02-at-2.28.20-PM-768x576.jpeg 768w, https:\/\/www.radiointeractivo.com.mx\/wp-content\/uploads\/2025\/04\/WhatsApp-Image-2025-04-02-at-2.28.20-PM-1536x1152.jpeg 1536w, https:\/\/www.radiointeractivo.com.mx\/wp-content\/uploads\/2025\/04\/WhatsApp-Image-2025-04-02-at-2.28.20-PM.jpeg 1600w\" sizes=\"auto, (max-width: 1024px) 100vw, 1024px\" \/><\/figure>\n\n\n\n<p>Por: Staff | #NuevoLaredo #Laredo #NLD #Tamaulipas<\/p>\n\n\n\n<p>El Gobierno Municipal, a trav\u00e9s de la Secretar\u00eda de Obras P\u00fablicas, informa a la ciudadan\u00eda sobre el cierre temporal de la Carretera Nacional debido a los trabajos de construcci\u00f3n y colocaci\u00f3n de un puente peatonal.<\/p>\n\n\n\n<p>El cierre se llevar\u00e1 a cabo los d\u00edas s\u00e1bado 5 y domingo 6 de abril, con el objetivo de garantizar la seguridad y eficiencia en la ejecuci\u00f3n de la obra.<\/p>\n\n\n\n<p>Carlos De Anda Hern\u00e1ndez, secretario de Obras P\u00fablicas de Nuevo Laredo, indic\u00f3 que los trabajos iniciar\u00e1n en las primeras horas del s\u00e1bado y consistir\u00e1n en la instalaci\u00f3n del puente peatonal previamente ensamblado, la estructura ya cuenta con columnas y apoyos listos para su colocaci\u00f3n.<\/p>\n\n\n\n<p>Para minimizar las afectaciones a la movilidad, se han habilitado rutas alternas, los conductores podr\u00e1n utilizar la Radial 3 para incorporarse nuevamente a la carretera, as\u00ed como la avenida Monterrey, la rotonda de la Revoluci\u00f3n y la vialidad del Sur, que bordea el parque industrial en Am\u00e9ricas.<\/p>\n\n\n\n<p>Estas v\u00edas han sido verificadas con camiones de carga de hasta 53 pies para asegurar su viabilidad y resistencia.<\/p>\n\n\n\n<p>El proceso de instalaci\u00f3n del puente peatonal se llevar\u00e1 a cabo con el uso de dos gr\u00faas, garantizando la seguridad en su colocaci\u00f3n sobre los pedestales.<\/p>\n\n\n\n<p>Posteriormente, se realizar\u00e1n los trabajos de soldadura para reforzar la estructura y el colado de concreto del piso.<\/p>\n\n\n\n<p>El puente cuenta con una extensi\u00f3n aproximada de 85 metros lineales, 2 metros de ancho y tres apoyos principales.<\/p>\n\n\n\n<p>Se exhorta a la ciudadan\u00eda, operadores de transporte y vecinos del sector a tomar precauciones y planificar sus rutas con anticipaci\u00f3n.<\/p>\n\n\n\n<p>El Gobierno Municipal agradece la comprensi\u00f3n y colaboraci\u00f3n de la comunidad para el \u00e9xito de esta obra, que contribuir\u00e1 a mejorar la movilidad y seguridad peatonal en la zona.<\/p>\n","protected":false},"excerpt":{"rendered":"<p>Por: Staff | #NuevoLaredo #Laredo #NLD #Tamaulipas El Gobierno Municipal, a trav\u00e9s de la Secretar\u00eda de Obras P\u00fablicas, informa a la ciudadan\u00eda sobre el cierre temporal de la Carretera Nacional debido a los trabajos de construcci\u00f3n y colocaci\u00f3n de un puente peatonal. El cierre se llevar\u00e1 a cabo los d\u00edas s\u00e1bado 5 y domingo 6 &hellip;<\/p>\n","protected":false},"author":1,"featured_media":15417,"comment_status":"open","ping_status":"open","sticky":false,"template":"","format":"standard","meta":{"footnotes":""},"categories":[38],"tags":[],"class_list":["post-15409","post","type-post","status-publish","format-standard","has-post-thumbnail","","category-nuevo-laredo"],"_links":{"self":[{"href":"https:\/\/www.radiointeractivo.com.mx\/index.php?rest_route=\/wp\/v2\/posts\/15409","targetHints":{"allow":["GET"]}}],"collection":[{"href":"https:\/\/www.radiointeractivo.com.mx\/index.php?rest_route=\/wp\/v2\/posts"}],"about":[{"href":"https:\/\/www.radiointeractivo.com.mx\/index.php?rest_route=\/wp\/v2\/types\/post"}],"author":[{"embeddable":true,"href":"https:\/\/www.radiointeractivo.com.mx\/index.php?rest_route=\/wp\/v2\/users\/1"}],"replies":[{"embeddable":true,"href":"https:\/\/www.radiointeractivo.com.mx\/index.php?rest_route=%2Fwp%2Fv2%2Fcomments&post=15409"}],"version-history":[{"count":1,"href":"https:\/\/www.radiointeractivo.com.mx\/index.php?rest_route=\/wp\/v2\/posts\/15409\/revisions"}],"predecessor-version":[{"id":15418,"href":"https:\/\/www.radiointeractivo.com.mx\/index.php?rest_route=\/wp\/v2\/posts\/15409\/revisions\/15418"}],"wp:featuredmedia":[{"embeddable":true,"href":"https:\/\/www.radiointeractivo.com.mx\/index.php?rest_route=\/wp\/v2\/media\/15417"}],"wp:attachment":[{"href":"https:\/\/www.radiointeractivo.com.mx\/index.php?rest_route=%2Fwp%2Fv2%2Fmedia&parent=15409"}],"wp:term":[{"taxonomy":"category","embeddable":true,"href":"https:\/\/www.radiointeractivo.com.mx\/index.php?rest_route=%2Fwp%2Fv2%2Fcategories&post=15409"},{"taxonomy":"post_tag","embeddable":true,"href":"https:\/\/www.radiointeractivo.com.mx\/index.php?rest_route=%2Fwp%2Fv2%2Ftags&post=15409"}],"curies":[{"name":"wp","href":"https:\/\/api.w.org\/{rel}","templated":true}]}}