{"id":15351,"date":"2025-03-31T17:43:48","date_gmt":"2025-03-31T22:43:48","guid":{"rendered":"https:\/\/www.radiointeractivo.com.mx\/?p=15351"},"modified":"2025-03-31T17:43:49","modified_gmt":"2025-03-31T22:43:49","slug":"invitan-a-disfrutar-la-obra-teatral-guerreros-de-luz","status":"publish","type":"post","link":"https:\/\/www.radiointeractivo.com.mx\/?p=15351","title":{"rendered":"INVITAN A DISFRUTAR LA OBRA TEATRAL GUERREROS DE LUZ"},"content":{"rendered":"\n<figure class=\"wp-block-image size-large\"><img loading=\"lazy\" decoding=\"async\" width=\"1024\" height=\"754\" src=\"https:\/\/www.radiointeractivo.com.mx\/wp-content\/uploads\/2025\/03\/WhatsApp-Image-2025-03-31-at-5.26.58-PM-1024x754.jpeg\" alt=\"\" class=\"wp-image-15352\" srcset=\"https:\/\/www.radiointeractivo.com.mx\/wp-content\/uploads\/2025\/03\/WhatsApp-Image-2025-03-31-at-5.26.58-PM-1024x754.jpeg 1024w, https:\/\/www.radiointeractivo.com.mx\/wp-content\/uploads\/2025\/03\/WhatsApp-Image-2025-03-31-at-5.26.58-PM-300x221.jpeg 300w, https:\/\/www.radiointeractivo.com.mx\/wp-content\/uploads\/2025\/03\/WhatsApp-Image-2025-03-31-at-5.26.58-PM-768x565.jpeg 768w, https:\/\/www.radiointeractivo.com.mx\/wp-content\/uploads\/2025\/03\/WhatsApp-Image-2025-03-31-at-5.26.58-PM.jpeg 1280w\" sizes=\"auto, (max-width: 1024px) 100vw, 1024px\" \/><\/figure>\n\n\n\n<p>Por: Staff | #NuevoLaredo #Laredo #NLD #Tamaulipas<\/p>\n\n\n\n<p>El Gobierno municipal a trav\u00e9s de la Direcci\u00f3n de Arte y Cultura y el Instituto Municipal de Prevenci\u00f3n de Adicciones, Conductas y Tendencias Antisociales, invita a la ciudadan\u00eda a disfrutar de la obra de teatro Guerreros de Luz, escrita y dirigida por Azucena Rojas, que se presentar\u00e1 los d\u00edas 1 y 2 de abril en el Teatro Adolfo L\u00f3pez Mateos.<\/p>\n\n\n\n<p>La primera funci\u00f3n ser\u00e1 el lunes 1 de abril a las 5:00 p. m., mientras que la segunda se llevar\u00e1 a cabo el martes 2 de abril a las 7:00 p. m..<\/p>\n\n\n\n<p>Guerreros de Luz promete ofrecer una experiencia teatral \u00fanica, llena de emociones intensas y un poderoso mensaje que invita a la reflexi\u00f3n. La puesta en escena combina talento, creatividad y una historia conmovedora que no dejar\u00e1 indiferente a ning\u00fan espectador.<\/p>\n","protected":false},"excerpt":{"rendered":"<p>Por: Staff | #NuevoLaredo #Laredo #NLD #Tamaulipas El Gobierno municipal a trav\u00e9s de la Direcci\u00f3n de Arte y Cultura y el Instituto Municipal de Prevenci\u00f3n de Adicciones, Conductas y Tendencias Antisociales, invita a la ciudadan\u00eda a disfrutar de la obra de teatro Guerreros de Luz, escrita y dirigida por Azucena Rojas, que se presentar\u00e1 los &hellip;<\/p>\n","protected":false},"author":1,"featured_media":15352,"comment_status":"open","ping_status":"open","sticky":false,"template":"","format":"standard","meta":{"footnotes":""},"categories":[38],"tags":[],"class_list":["post-15351","post","type-post","status-publish","format-standard","has-post-thumbnail","","category-nuevo-laredo"],"_links":{"self":[{"href":"https:\/\/www.radiointeractivo.com.mx\/index.php?rest_route=\/wp\/v2\/posts\/15351","targetHints":{"allow":["GET"]}}],"collection":[{"href":"https:\/\/www.radiointeractivo.com.mx\/index.php?rest_route=\/wp\/v2\/posts"}],"about":[{"href":"https:\/\/www.radiointeractivo.com.mx\/index.php?rest_route=\/wp\/v2\/types\/post"}],"author":[{"embeddable":true,"href":"https:\/\/www.radiointeractivo.com.mx\/index.php?rest_route=\/wp\/v2\/users\/1"}],"replies":[{"embeddable":true,"href":"https:\/\/www.radiointeractivo.com.mx\/index.php?rest_route=%2Fwp%2Fv2%2Fcomments&post=15351"}],"version-history":[{"count":1,"href":"https:\/\/www.radiointeractivo.com.mx\/index.php?rest_route=\/wp\/v2\/posts\/15351\/revisions"}],"predecessor-version":[{"id":15353,"href":"https:\/\/www.radiointeractivo.com.mx\/index.php?rest_route=\/wp\/v2\/posts\/15351\/revisions\/15353"}],"wp:featuredmedia":[{"embeddable":true,"href":"https:\/\/www.radiointeractivo.com.mx\/index.php?rest_route=\/wp\/v2\/media\/15352"}],"wp:attachment":[{"href":"https:\/\/www.radiointeractivo.com.mx\/index.php?rest_route=%2Fwp%2Fv2%2Fmedia&parent=15351"}],"wp:term":[{"taxonomy":"category","embeddable":true,"href":"https:\/\/www.radiointeractivo.com.mx\/index.php?rest_route=%2Fwp%2Fv2%2Fcategories&post=15351"},{"taxonomy":"post_tag","embeddable":true,"href":"https:\/\/www.radiointeractivo.com.mx\/index.php?rest_route=%2Fwp%2Fv2%2Ftags&post=15351"}],"curies":[{"name":"wp","href":"https:\/\/api.w.org\/{rel}","templated":true}]}}