{"id":15346,"date":"2025-03-31T17:17:26","date_gmt":"2025-03-31T22:17:26","guid":{"rendered":"https:\/\/www.radiointeractivo.com.mx\/?p=15346"},"modified":"2025-03-31T17:17:28","modified_gmt":"2025-03-31T22:17:28","slug":"sale-trailer-de-nuevo-laredo-con-toneladas-de-ayuda-para-reynosa","status":"publish","type":"post","link":"https:\/\/www.radiointeractivo.com.mx\/?p=15346","title":{"rendered":"SALE TR\u00c1ILER DE NUEVO LAREDO CON TONELADAS DE AYUDA PARA REYNOSA"},"content":{"rendered":"\n<figure class=\"wp-block-image size-large\"><img loading=\"lazy\" decoding=\"async\" width=\"1024\" height=\"576\" src=\"https:\/\/www.radiointeractivo.com.mx\/wp-content\/uploads\/2025\/03\/WhatsApp-Image-2025-03-31-at-5.10.41-PM-1024x576.jpeg\" alt=\"\" class=\"wp-image-15347\" srcset=\"https:\/\/www.radiointeractivo.com.mx\/wp-content\/uploads\/2025\/03\/WhatsApp-Image-2025-03-31-at-5.10.41-PM-1024x576.jpeg 1024w, https:\/\/www.radiointeractivo.com.mx\/wp-content\/uploads\/2025\/03\/WhatsApp-Image-2025-03-31-at-5.10.41-PM-300x169.jpeg 300w, https:\/\/www.radiointeractivo.com.mx\/wp-content\/uploads\/2025\/03\/WhatsApp-Image-2025-03-31-at-5.10.41-PM-768x432.jpeg 768w, https:\/\/www.radiointeractivo.com.mx\/wp-content\/uploads\/2025\/03\/WhatsApp-Image-2025-03-31-at-5.10.41-PM.jpeg 1440w\" sizes=\"auto, (max-width: 1024px) 100vw, 1024px\" \/><\/figure>\n\n\n\n<p>La solidaridad de los neolaredenses se hace presente. Un tr\u00e1iler cargado con alrededor de 20 toneladas de v\u00edveres parti\u00f3 rumbo a la ciudad de Reynosa para apoyar a las familias afectadas por la dif\u00edcil situaci\u00f3n que atraviesan, tras las fuertes lluvias que afectaron a la regi\u00f3n.<\/p>\n\n\n\n<p>La presidenta municipal, Carmen Lilia Canturosas Villarreal, agradeci\u00f3 a la comunidad por su generosidad y participaci\u00f3n en el centro de acopio y asegur\u00f3 que esta ayuda llegar\u00e1 a manos correctas gracias a la buena coordinaci\u00f3n con el Gobierno del Estado.<\/p>\n\n\n\n<p>&#8220;Quiero agradecer a cada persona que don\u00f3 art\u00edculos de primera necesidad, ropa y cualquier tipo de apoyo. Hemos tenido una gran respuesta y eso demuestra el esp\u00edritu solidario de nuestra ciudad. Esta ayuda ser\u00e1 de gran beneficio para nuestros hermanos reynosenses&#8221;, expres\u00f3 la alcaldesa.<\/p>\n\n\n\n<p>Asimismo, reconoci\u00f3 el respaldo del Gobernador Am\u00e9rico Villarreal Anaya, quien ha estado presente en las acciones de apoyo al igual que las autoridades del gobierno federal.<\/p>\n\n\n\n<p>&#8220;Gracias al Gobernador y a todos los que hicieron posible esta donaci\u00f3n. Es fundamental seguir unidos y demostrar que Nuevo Laredo es una ciudad emp\u00e1tica y solidaria&#8221;, agreg\u00f3.<\/p>\n\n\n\n<p>El tr\u00e1iler, completamente cargado con v\u00edveres, partir\u00e1 hoy rumbo a Reynosa junto a una unidad de Protecci\u00f3n Civil y Bomberos, tambi\u00e9n cargada con v\u00edveres, para ser entregado a las familias que m\u00e1s lo necesitan.<\/p>\n\n\n\n<p>La administraci\u00f3n municipal invita a la comunidad a continuar participando en la colecta de apoyo, reafirmando el compromiso de ayudar a quienes atraviesan momentos dif\u00edciles.<\/p>\n\n\n\n<figure class=\"wp-block-image size-large\"><img loading=\"lazy\" decoding=\"async\" width=\"1024\" height=\"768\" src=\"https:\/\/www.radiointeractivo.com.mx\/wp-content\/uploads\/2025\/03\/WhatsApp-Image-2025-03-31-at-5.10.40-PM-1024x768.jpeg\" alt=\"\" class=\"wp-image-15348\" srcset=\"https:\/\/www.radiointeractivo.com.mx\/wp-content\/uploads\/2025\/03\/WhatsApp-Image-2025-03-31-at-5.10.40-PM-1024x768.jpeg 1024w, https:\/\/www.radiointeractivo.com.mx\/wp-content\/uploads\/2025\/03\/WhatsApp-Image-2025-03-31-at-5.10.40-PM-300x225.jpeg 300w, https:\/\/www.radiointeractivo.com.mx\/wp-content\/uploads\/2025\/03\/WhatsApp-Image-2025-03-31-at-5.10.40-PM-768x576.jpeg 768w, https:\/\/www.radiointeractivo.com.mx\/wp-content\/uploads\/2025\/03\/WhatsApp-Image-2025-03-31-at-5.10.40-PM.jpeg 1440w\" sizes=\"auto, (max-width: 1024px) 100vw, 1024px\" \/><\/figure>\n","protected":false},"excerpt":{"rendered":"<p>La solidaridad de los neolaredenses se hace presente. Un tr\u00e1iler cargado con alrededor de 20 toneladas de v\u00edveres parti\u00f3 rumbo a la ciudad de Reynosa para apoyar a las familias afectadas por la dif\u00edcil situaci\u00f3n que atraviesan, tras las fuertes lluvias que afectaron a la regi\u00f3n. La presidenta municipal, Carmen Lilia Canturosas Villarreal, agradeci\u00f3 a &hellip;<\/p>\n","protected":false},"author":1,"featured_media":15349,"comment_status":"open","ping_status":"open","sticky":false,"template":"","format":"standard","meta":{"footnotes":""},"categories":[38],"tags":[],"class_list":["post-15346","post","type-post","status-publish","format-standard","has-post-thumbnail","","category-nuevo-laredo"],"_links":{"self":[{"href":"https:\/\/www.radiointeractivo.com.mx\/index.php?rest_route=\/wp\/v2\/posts\/15346","targetHints":{"allow":["GET"]}}],"collection":[{"href":"https:\/\/www.radiointeractivo.com.mx\/index.php?rest_route=\/wp\/v2\/posts"}],"about":[{"href":"https:\/\/www.radiointeractivo.com.mx\/index.php?rest_route=\/wp\/v2\/types\/post"}],"author":[{"embeddable":true,"href":"https:\/\/www.radiointeractivo.com.mx\/index.php?rest_route=\/wp\/v2\/users\/1"}],"replies":[{"embeddable":true,"href":"https:\/\/www.radiointeractivo.com.mx\/index.php?rest_route=%2Fwp%2Fv2%2Fcomments&post=15346"}],"version-history":[{"count":1,"href":"https:\/\/www.radiointeractivo.com.mx\/index.php?rest_route=\/wp\/v2\/posts\/15346\/revisions"}],"predecessor-version":[{"id":15350,"href":"https:\/\/www.radiointeractivo.com.mx\/index.php?rest_route=\/wp\/v2\/posts\/15346\/revisions\/15350"}],"wp:featuredmedia":[{"embeddable":true,"href":"https:\/\/www.radiointeractivo.com.mx\/index.php?rest_route=\/wp\/v2\/media\/15349"}],"wp:attachment":[{"href":"https:\/\/www.radiointeractivo.com.mx\/index.php?rest_route=%2Fwp%2Fv2%2Fmedia&parent=15346"}],"wp:term":[{"taxonomy":"category","embeddable":true,"href":"https:\/\/www.radiointeractivo.com.mx\/index.php?rest_route=%2Fwp%2Fv2%2Fcategories&post=15346"},{"taxonomy":"post_tag","embeddable":true,"href":"https:\/\/www.radiointeractivo.com.mx\/index.php?rest_route=%2Fwp%2Fv2%2Ftags&post=15346"}],"curies":[{"name":"wp","href":"https:\/\/api.w.org\/{rel}","templated":true}]}}