{"id":15343,"date":"2025-03-31T17:03:03","date_gmt":"2025-03-31T22:03:03","guid":{"rendered":"https:\/\/www.radiointeractivo.com.mx\/?p=15343"},"modified":"2025-03-31T17:03:04","modified_gmt":"2025-03-31T22:03:04","slug":"refuerza-coltam-capacitacion-en-liderazgo-para-fortalecer-el-servicio-educativo-estatal","status":"publish","type":"post","link":"https:\/\/www.radiointeractivo.com.mx\/?p=15343","title":{"rendered":"Refuerza COLTAM capacitaci\u00f3n en liderazgo para fortalecer el servicio educativo estatal"},"content":{"rendered":"\n<p>Por: Agencias<\/p>\n\n\n\n<p>Ciudad Victoria, Tamaulipas.- Con el fin de fortalecer los conocimientos pr\u00e1cticos y las herramientas que permiten desarrollar habilidades blandas para la vida laboral y personal de los servidores p\u00fablicos, el Colegio de Tamaulipas (COLTAM) imparti\u00f3 el curso \u201cLiderazgo para la formaci\u00f3n de equipos de alto rendimiento\u201d, dirigido a trabajadoras y trabajadores de la Secretar\u00eda de Educaci\u00f3n de Tamaulipas (SET).<\/p>\n\n\n\n<p>Con la presencia del rector del COLTAM, Marco Antonio Moreno Castellanos, el curso fue impartido por la Mtra. M\u00f3nica Cecilia Garza Mart\u00ednez, en las instalaciones del Centro Regional de Formaci\u00f3n Docente e Investigaci\u00f3n Educativa (CRETAM).<\/p>\n\n\n\n<p>\u201cEstos cursos son fundamentales para el desarrollo de las trabajadoras y trabajadores de la SET. A trav\u00e9s de la Secretar\u00eda de Educaci\u00f3n de Tamaulipas, estamos trabajando para realizar este tipo de ejercicios de formaci\u00f3n en distintos \u00e1mbitos, como el liderazgo, la inteligencia emocional y la comunicaci\u00f3n asertiva, para lograr un desarrollo integral de todo el personal de la Secretar\u00eda\u201d, expres\u00f3 Moreno Castellanos.<\/p>\n\n\n\n<p>Indic\u00f3 que los temas abordados se centraron en el desarrollo personal, incluyendo la gratitud, el perd\u00f3n y el prop\u00f3sito de vida; as\u00ed como en el \u00e1mbito laboral, destacando los factores para fomentar un mejor ambiente laboral, el trabajo en equipo eficiente y los aspectos clave para fortalecer el liderazgo.<\/p>\n\n\n\n<p>En una segunda jornada se concluy\u00f3 la primera etapa de este ejercicio, el cual se replicar\u00e1 en pr\u00f3ximas fechas con el objetivo de continuar mejorando el ambiente laboral y contribuir al crecimiento de las y los trabajadores.<\/p>\n\n\n\n<p>Explic\u00f3 que en la \u00faltima sesi\u00f3n se tuvo la presencia del subsecretario de Educaci\u00f3n Media Superior y Superior, Guadalupe Acosta Villarreal, del rector del colegio y de la coordinadora general Acad\u00e9mica del COLTAM, Mar\u00eda Magdalena Garc\u00eda Rodr\u00edguez, quienes entregaron los reconocimientos a todas y todos los participantes.<\/p>\n\n\n\n<p>Refiri\u00f3 que a trav\u00e9s de estas jornadas, se comparte la visi\u00f3n humanista impulsada por el gobernador del Estado, Am\u00e9rico Villarreal Anaya, que a trav\u00e9s de la Secretar\u00eda de Educaci\u00f3n de Tamaulipas, que dirige Luc\u00eda Aim\u00e9 Castillo Pastor, fomenta el desarrollo de las y los trabajadores al servicio educativo de la entidad.<\/p>\n","protected":false},"excerpt":{"rendered":"<p>Por: Agencias Ciudad Victoria, Tamaulipas.- Con el fin de fortalecer los conocimientos pr\u00e1cticos y las herramientas que permiten desarrollar habilidades blandas para la vida laboral y personal de los servidores p\u00fablicos, el Colegio de Tamaulipas (COLTAM) imparti\u00f3 el curso \u201cLiderazgo para la formaci\u00f3n de equipos de alto rendimiento\u201d, dirigido a trabajadoras y trabajadores de la &hellip;<\/p>\n","protected":false},"author":1,"featured_media":15344,"comment_status":"open","ping_status":"open","sticky":false,"template":"","format":"standard","meta":{"footnotes":""},"categories":[39],"tags":[],"class_list":["post-15343","post","type-post","status-publish","format-standard","has-post-thumbnail","","category-tamaulipas"],"_links":{"self":[{"href":"https:\/\/www.radiointeractivo.com.mx\/index.php?rest_route=\/wp\/v2\/posts\/15343","targetHints":{"allow":["GET"]}}],"collection":[{"href":"https:\/\/www.radiointeractivo.com.mx\/index.php?rest_route=\/wp\/v2\/posts"}],"about":[{"href":"https:\/\/www.radiointeractivo.com.mx\/index.php?rest_route=\/wp\/v2\/types\/post"}],"author":[{"embeddable":true,"href":"https:\/\/www.radiointeractivo.com.mx\/index.php?rest_route=\/wp\/v2\/users\/1"}],"replies":[{"embeddable":true,"href":"https:\/\/www.radiointeractivo.com.mx\/index.php?rest_route=%2Fwp%2Fv2%2Fcomments&post=15343"}],"version-history":[{"count":1,"href":"https:\/\/www.radiointeractivo.com.mx\/index.php?rest_route=\/wp\/v2\/posts\/15343\/revisions"}],"predecessor-version":[{"id":15345,"href":"https:\/\/www.radiointeractivo.com.mx\/index.php?rest_route=\/wp\/v2\/posts\/15343\/revisions\/15345"}],"wp:featuredmedia":[{"embeddable":true,"href":"https:\/\/www.radiointeractivo.com.mx\/index.php?rest_route=\/wp\/v2\/media\/15344"}],"wp:attachment":[{"href":"https:\/\/www.radiointeractivo.com.mx\/index.php?rest_route=%2Fwp%2Fv2%2Fmedia&parent=15343"}],"wp:term":[{"taxonomy":"category","embeddable":true,"href":"https:\/\/www.radiointeractivo.com.mx\/index.php?rest_route=%2Fwp%2Fv2%2Fcategories&post=15343"},{"taxonomy":"post_tag","embeddable":true,"href":"https:\/\/www.radiointeractivo.com.mx\/index.php?rest_route=%2Fwp%2Fv2%2Ftags&post=15343"}],"curies":[{"name":"wp","href":"https:\/\/api.w.org\/{rel}","templated":true}]}}