{"id":15318,"date":"2025-03-31T13:45:30","date_gmt":"2025-03-31T18:45:30","guid":{"rendered":"https:\/\/www.radiointeractivo.com.mx\/?p=15318"},"modified":"2025-03-31T13:45:33","modified_gmt":"2025-03-31T18:45:33","slug":"nuevo-laredo-listo-para-recibir-el-2-encuentro-de-latinidades-escenicas-2025","status":"publish","type":"post","link":"https:\/\/www.radiointeractivo.com.mx\/?p=15318","title":{"rendered":"NUEVO LAREDO, LISTO PARA RECIBIR EL 2\u00b0 ENCUENTRO DE LATINIDADES ESC\u00c9NICAS 2025"},"content":{"rendered":"\n<figure class=\"wp-block-image size-large\"><img loading=\"lazy\" decoding=\"async\" width=\"1024\" height=\"682\" src=\"https:\/\/www.radiointeractivo.com.mx\/wp-content\/uploads\/2025\/03\/WhatsApp-Image-2025-03-31-at-1.09.06-PM-1-1024x682.jpeg\" alt=\"\" class=\"wp-image-15319\" srcset=\"https:\/\/www.radiointeractivo.com.mx\/wp-content\/uploads\/2025\/03\/WhatsApp-Image-2025-03-31-at-1.09.06-PM-1-1024x682.jpeg 1024w, https:\/\/www.radiointeractivo.com.mx\/wp-content\/uploads\/2025\/03\/WhatsApp-Image-2025-03-31-at-1.09.06-PM-1-300x200.jpeg 300w, https:\/\/www.radiointeractivo.com.mx\/wp-content\/uploads\/2025\/03\/WhatsApp-Image-2025-03-31-at-1.09.06-PM-1-768x512.jpeg 768w, https:\/\/www.radiointeractivo.com.mx\/wp-content\/uploads\/2025\/03\/WhatsApp-Image-2025-03-31-at-1.09.06-PM-1-1536x1023.jpeg 1536w, https:\/\/www.radiointeractivo.com.mx\/wp-content\/uploads\/2025\/03\/WhatsApp-Image-2025-03-31-at-1.09.06-PM-1-310x205.jpeg 310w, https:\/\/www.radiointeractivo.com.mx\/wp-content\/uploads\/2025\/03\/WhatsApp-Image-2025-03-31-at-1.09.06-PM-1.jpeg 1600w\" sizes=\"auto, (max-width: 1024px) 100vw, 1024px\" \/><\/figure>\n\n\n\n<p>Por: Staff | #NuevoLaredo #Laredo #NLD #Tamaulipas<\/p>\n\n\n\n<p>El Gobierno Municipal invita a la ciudadan\u00eda al 2\u00b0 Encuentro de Latinidades Esc\u00e9nicas (ELE) 2025, un evento que no s\u00f3lo impulsa el arte y la cultura, sino que tambi\u00e9n fomentar\u00e1 el turismo y fortalecer\u00e1 la proyecci\u00f3n de la ciudad como un referente cultural.<\/p>\n\n\n\n<p>Gracias a la gesti\u00f3n de la agrupaci\u00f3n, Artes Esc\u00e9nicas de Nuevo Laredo A. C., del 2 al 6 de abril, m\u00e1s de 30 artistas de distintas nacionalidades latinoamericanas se dar\u00e1n cita en la ciudad para ofrecer un espect\u00e1culo de gran calidad.<\/p>\n\n\n\n<p>Participar\u00e1n grupos de Argentina, Cuba, Chile, Bolivia, as\u00ed como de M\u00e9xico, con representaciones de Sonora, Matamoros, Ciudad de M\u00e9xico, adem\u00e1s de destacados talentos locales.<\/p>\n\n\n\n<p>Las funciones se llevar\u00e1n a cabo en dos sedes; Teatro Lucio Blanco de la Casa de la Cultura, a las 6:00 p. m. y Teatro Experimental del Centro Cultural, a las 7:30 p. m.<\/p>\n\n\n\n<p>Adem\u00e1s, el evento contar\u00e1 con talleres de dramaturgia, actuaci\u00f3n y escenograf\u00eda, que se impartir\u00e1n en instituciones educativas como la UAT, UT, CONALEP e ICEST durante horarios matutinos.<\/p>\n\n\n\n<p>El Gobierno Municipal invita a la poblaci\u00f3n a asistir y disfrutar de todas las presentaciones, cuya entrada ser\u00e1 gratuita, y a respaldar a los artistas locales, contribuyendo as\u00ed a enriquecer la vida cultural de Nuevo Laredo.<\/p>\n","protected":false},"excerpt":{"rendered":"<p>Por: Staff | #NuevoLaredo #Laredo #NLD #Tamaulipas El Gobierno Municipal invita a la ciudadan\u00eda al 2\u00b0 Encuentro de Latinidades Esc\u00e9nicas (ELE) 2025, un evento que no s\u00f3lo impulsa el arte y la cultura, sino que tambi\u00e9n fomentar\u00e1 el turismo y fortalecer\u00e1 la proyecci\u00f3n de la ciudad como un referente cultural. Gracias a la gesti\u00f3n de &hellip;<\/p>\n","protected":false},"author":1,"featured_media":15319,"comment_status":"open","ping_status":"open","sticky":false,"template":"","format":"standard","meta":{"footnotes":""},"categories":[38],"tags":[],"class_list":["post-15318","post","type-post","status-publish","format-standard","has-post-thumbnail","","category-nuevo-laredo"],"_links":{"self":[{"href":"https:\/\/www.radiointeractivo.com.mx\/index.php?rest_route=\/wp\/v2\/posts\/15318","targetHints":{"allow":["GET"]}}],"collection":[{"href":"https:\/\/www.radiointeractivo.com.mx\/index.php?rest_route=\/wp\/v2\/posts"}],"about":[{"href":"https:\/\/www.radiointeractivo.com.mx\/index.php?rest_route=\/wp\/v2\/types\/post"}],"author":[{"embeddable":true,"href":"https:\/\/www.radiointeractivo.com.mx\/index.php?rest_route=\/wp\/v2\/users\/1"}],"replies":[{"embeddable":true,"href":"https:\/\/www.radiointeractivo.com.mx\/index.php?rest_route=%2Fwp%2Fv2%2Fcomments&post=15318"}],"version-history":[{"count":1,"href":"https:\/\/www.radiointeractivo.com.mx\/index.php?rest_route=\/wp\/v2\/posts\/15318\/revisions"}],"predecessor-version":[{"id":15320,"href":"https:\/\/www.radiointeractivo.com.mx\/index.php?rest_route=\/wp\/v2\/posts\/15318\/revisions\/15320"}],"wp:featuredmedia":[{"embeddable":true,"href":"https:\/\/www.radiointeractivo.com.mx\/index.php?rest_route=\/wp\/v2\/media\/15319"}],"wp:attachment":[{"href":"https:\/\/www.radiointeractivo.com.mx\/index.php?rest_route=%2Fwp%2Fv2%2Fmedia&parent=15318"}],"wp:term":[{"taxonomy":"category","embeddable":true,"href":"https:\/\/www.radiointeractivo.com.mx\/index.php?rest_route=%2Fwp%2Fv2%2Fcategories&post=15318"},{"taxonomy":"post_tag","embeddable":true,"href":"https:\/\/www.radiointeractivo.com.mx\/index.php?rest_route=%2Fwp%2Fv2%2Ftags&post=15318"}],"curies":[{"name":"wp","href":"https:\/\/api.w.org\/{rel}","templated":true}]}}