{"id":15285,"date":"2025-03-30T21:22:52","date_gmt":"2025-03-31T02:22:52","guid":{"rendered":"https:\/\/www.radiointeractivo.com.mx\/?p=15285"},"modified":"2025-03-30T21:22:53","modified_gmt":"2025-03-31T02:22:53","slug":"corredores-de-la-region-disfrutan-de-maraton-binacional-dos-laredos-2025","status":"publish","type":"post","link":"https:\/\/www.radiointeractivo.com.mx\/?p=15285","title":{"rendered":"CORREDORES DE LA REGI\u00d3N DISFRUTAN DE MARAT\u00d3N BINACIONAL DOS LAREDOS 2025"},"content":{"rendered":"\n<figure class=\"wp-block-image size-large\"><img loading=\"lazy\" decoding=\"async\" width=\"1024\" height=\"684\" src=\"https:\/\/www.radiointeractivo.com.mx\/wp-content\/uploads\/2025\/03\/WhatsApp-Image-2025-03-30-at-2.29.19-PM-1024x684.jpeg\" alt=\"\" class=\"wp-image-15286\" srcset=\"https:\/\/www.radiointeractivo.com.mx\/wp-content\/uploads\/2025\/03\/WhatsApp-Image-2025-03-30-at-2.29.19-PM-1024x684.jpeg 1024w, https:\/\/www.radiointeractivo.com.mx\/wp-content\/uploads\/2025\/03\/WhatsApp-Image-2025-03-30-at-2.29.19-PM-300x200.jpeg 300w, https:\/\/www.radiointeractivo.com.mx\/wp-content\/uploads\/2025\/03\/WhatsApp-Image-2025-03-30-at-2.29.19-PM-768x513.jpeg 768w, https:\/\/www.radiointeractivo.com.mx\/wp-content\/uploads\/2025\/03\/WhatsApp-Image-2025-03-30-at-2.29.19-PM-1536x1026.jpeg 1536w, https:\/\/www.radiointeractivo.com.mx\/wp-content\/uploads\/2025\/03\/WhatsApp-Image-2025-03-30-at-2.29.19-PM.jpeg 1600w\" sizes=\"auto, (max-width: 1024px) 100vw, 1024px\" \/><\/figure>\n\n\n\n<p>Con gran entusiasmo y una destacada participaci\u00f3n de corredores de diferentes niveles, se llev\u00f3 a cabo el Marat\u00f3n Binacional Dos Laredos 2025, un evento que reuni\u00f3 a atletas de diversas partes de la regi\u00f3n en un esp\u00edritu de competencia y hermandad deportiva.<\/p>\n\n\n\n<p>Los ganadores mostraron su preparaci\u00f3n y concentraci\u00f3n total durante este evento deportivo, animados por decenas de ciudadanos que se instalaron en diferentes puntos del recorrido para alentar a los corredores.<\/p>\n\n\n\n<p>La secretaria de Bienestar Social, Liliana Arjona Barocio, quien asisti\u00f3 en representaci\u00f3n de la alcaldesa Carmen Lilia Canturosas, reconoci\u00f3 el esfuerzo de cada uno de los atletas y destac\u00f3 que esta competencia refrenda la hermandad entre ambos Laredos.<\/p>\n\n\n\n<p>\u201cEste marat\u00f3n es mucho m\u00e1s que una competencia atl\u00e9tica; es un s\u00edmbolo poderoso de hermandad y colaboraci\u00f3n entre dos ciudades que, m\u00e1s all\u00e1 de la frontera, caminan juntas, uniendo esfuerzos y fortaleciendo su v\u00ednculo con cada acci\u00f3n\u201d, afirm\u00f3.<\/p>\n\n\n\n<p>La gran prueba de Marat\u00f3n Varonil se lo llev\u00f3 Onorio Tom\u00e1s Ju\u00e1rez, segundo por Iv\u00e1n Ortiz Ju\u00e1rez y tercer lugar Francisco Castillo Ortiz.<\/p>\n\n\n\n<p>En tanto el Marat\u00f3n Femenil fue para Fernanda Sol\u00eds Bazald\u00faa, Mar\u00eda Rodr\u00edguez en segundo lugar y Sandra \u00c1lvarez \u00c1lvarez tercer lugar.<\/p>\n\n\n\n<p>En la rama de 5K \u00danica Varonil, el primer lugar fue para David Cruz Alejandro, el segundo lugar Alexis Villarreal y el tercer lugar Antonio Hern\u00e1ndez.<\/p>\n\n\n\n<p>En lo que respecta a los 5K \u00danica Femenil la ganadora fue Karla Miranda Ozeta, el segundo lugar se lo llev\u00f3 Perla Escobar Flores y el tercer lugar Alexa Mendoza Ju\u00e1rez<\/p>\n\n\n\n<p>Los 10K Varonil, Victor Bracamontes Anica se coron\u00f3 con el primer lugar, Andr\u00e9s P\u00e9rez Bretado segundo lugar y en tercer lugar Daniel Mej\u00eda L\u00f3pez, mientras que en los 10K Femenil la ganadora fue Nora Jim\u00e9nez Rocha, segundo lugar Gabriela Villanueva P\u00e9rez y tercer lugar Selina Balderas Nu\u00f1ez.<\/p>\n\n\n\n<p>El Marat\u00f3n Binacional Dos Laredos 2025 ha demostrado ser un evento que fomenta la actividad f\u00edsica, la sana competencia y el fortalecimiento de lazos entre comunidades.<\/p>\n\n\n\n<p>Dise\u00f1ado para atletas de todos los niveles, esta edici\u00f3n permiti\u00f3 que tanto corredores experimentados como debutantes disfrutaran del desaf\u00edo y la emoci\u00f3n de esta gran experiencia deportiva.<\/p>\n","protected":false},"excerpt":{"rendered":"<p>Con gran entusiasmo y una destacada participaci\u00f3n de corredores de diferentes niveles, se llev\u00f3 a cabo el Marat\u00f3n Binacional Dos Laredos 2025, un evento que reuni\u00f3 a atletas de diversas partes de la regi\u00f3n en un esp\u00edritu de competencia y hermandad deportiva. Los ganadores mostraron su preparaci\u00f3n y concentraci\u00f3n total durante este evento deportivo, animados &hellip;<\/p>\n","protected":false},"author":1,"featured_media":15287,"comment_status":"open","ping_status":"open","sticky":false,"template":"","format":"standard","meta":{"footnotes":""},"categories":[38],"tags":[],"class_list":["post-15285","post","type-post","status-publish","format-standard","has-post-thumbnail","","category-nuevo-laredo"],"_links":{"self":[{"href":"https:\/\/www.radiointeractivo.com.mx\/index.php?rest_route=\/wp\/v2\/posts\/15285","targetHints":{"allow":["GET"]}}],"collection":[{"href":"https:\/\/www.radiointeractivo.com.mx\/index.php?rest_route=\/wp\/v2\/posts"}],"about":[{"href":"https:\/\/www.radiointeractivo.com.mx\/index.php?rest_route=\/wp\/v2\/types\/post"}],"author":[{"embeddable":true,"href":"https:\/\/www.radiointeractivo.com.mx\/index.php?rest_route=\/wp\/v2\/users\/1"}],"replies":[{"embeddable":true,"href":"https:\/\/www.radiointeractivo.com.mx\/index.php?rest_route=%2Fwp%2Fv2%2Fcomments&post=15285"}],"version-history":[{"count":1,"href":"https:\/\/www.radiointeractivo.com.mx\/index.php?rest_route=\/wp\/v2\/posts\/15285\/revisions"}],"predecessor-version":[{"id":15288,"href":"https:\/\/www.radiointeractivo.com.mx\/index.php?rest_route=\/wp\/v2\/posts\/15285\/revisions\/15288"}],"wp:featuredmedia":[{"embeddable":true,"href":"https:\/\/www.radiointeractivo.com.mx\/index.php?rest_route=\/wp\/v2\/media\/15287"}],"wp:attachment":[{"href":"https:\/\/www.radiointeractivo.com.mx\/index.php?rest_route=%2Fwp%2Fv2%2Fmedia&parent=15285"}],"wp:term":[{"taxonomy":"category","embeddable":true,"href":"https:\/\/www.radiointeractivo.com.mx\/index.php?rest_route=%2Fwp%2Fv2%2Fcategories&post=15285"},{"taxonomy":"post_tag","embeddable":true,"href":"https:\/\/www.radiointeractivo.com.mx\/index.php?rest_route=%2Fwp%2Fv2%2Ftags&post=15285"}],"curies":[{"name":"wp","href":"https:\/\/api.w.org\/{rel}","templated":true}]}}