{"id":15281,"date":"2025-03-30T21:16:45","date_gmt":"2025-03-31T02:16:45","guid":{"rendered":"https:\/\/www.radiointeractivo.com.mx\/?p=15281"},"modified":"2025-03-30T21:16:46","modified_gmt":"2025-03-31T02:16:46","slug":"carfest-2025-automovilismo-musica-y-gastronomia-conquistan-a-familias-de-nuevo-laredo","status":"publish","type":"post","link":"https:\/\/www.radiointeractivo.com.mx\/?p=15281","title":{"rendered":"CARFEST 2025: AUTOMOVILISMO, M\u00daSICA Y GASTRONOM\u00cdA CONQUISTAN A FAMILIAS DE NUEVO LAREDO"},"content":{"rendered":"\n<figure class=\"wp-block-image size-large\"><img loading=\"lazy\" decoding=\"async\" width=\"1024\" height=\"671\" src=\"https:\/\/www.radiointeractivo.com.mx\/wp-content\/uploads\/2025\/03\/WhatsApp-Image-2025-03-30-at-12.34.29-PM-1024x671.jpeg\" alt=\"\" class=\"wp-image-15282\" srcset=\"https:\/\/www.radiointeractivo.com.mx\/wp-content\/uploads\/2025\/03\/WhatsApp-Image-2025-03-30-at-12.34.29-PM-1024x671.jpeg 1024w, https:\/\/www.radiointeractivo.com.mx\/wp-content\/uploads\/2025\/03\/WhatsApp-Image-2025-03-30-at-12.34.29-PM-300x197.jpeg 300w, https:\/\/www.radiointeractivo.com.mx\/wp-content\/uploads\/2025\/03\/WhatsApp-Image-2025-03-30-at-12.34.29-PM-768x504.jpeg 768w, https:\/\/www.radiointeractivo.com.mx\/wp-content\/uploads\/2025\/03\/WhatsApp-Image-2025-03-30-at-12.34.29-PM-1536x1007.jpeg 1536w, https:\/\/www.radiointeractivo.com.mx\/wp-content\/uploads\/2025\/03\/WhatsApp-Image-2025-03-30-at-12.34.29-PM.jpeg 1600w\" sizes=\"auto, (max-width: 1024px) 100vw, 1024px\" \/><\/figure>\n\n\n\n<p>Por: Staff | #NuevoLaredo #Laredo #NLD #Tamaulipas<\/p>\n\n\n\n<p>El CarFest 2025, organizado por el Gobierno Municipal de Nuevo Laredo, super\u00f3 las expectativas al convocar a miles de personas en una jornada llena de adrenalina, m\u00fasica en vivo y sabores locales.<\/p>\n\n\n\n<p>El evento, que ya se ha consolidado como uno de los m\u00e1s esperados del a\u00f1o, reuni\u00f3 a entusiastas del automovilismo, familias y curiosos que disfrutaron de una exhibici\u00f3n variada de veh\u00edculos, desde autos cl\u00e1sicos hasta imponentes tr\u00e1ileres.<\/p>\n\n\n\n<p>Durante el festival, los asistentes destacaron la importancia de esta iniciativa para la ciudad; Fernando Molina Trevi\u00f1o, uno de los presentes, expres\u00f3 su entusiasmo por la calidad del evento y el impacto positivo en la comunidad.<\/p>\n\n\n\n<p>\u201cEs un evento espectacular y Nuevo Laredo lo merece. Tenemos muy pocas actividades de este tipo aqu\u00ed, y es muy grato ver que el gobierno contin\u00fae organiz\u00e1ndolas cada a\u00f1o; se nota el esfuerzo por hacerlo crecer\u201d, coment\u00f3.<\/p>\n\n\n\n<p>Por su parte, Miguel Cisneros Mac\u00edas resalt\u00f3 el valor del CarFest como un punto de encuentro para los aficionados a los motores.<\/p>\n\n\n\n<p>\u201cEste tipo de festivales son excelentes para la ciudad, nos permite convivir como una gran familia de apasionados por los autos, disfrutando de modelos como los Mustang, bicicletas custom y hasta tr\u00e1ileres personalizados\u201d, mencion\u00f3.<\/p>\n\n\n\n<p>El evento no solo atrajo a coleccionistas y fan\u00e1ticos, sino tambi\u00e9n a quienes buscan inspiraci\u00f3n para personalizar sus veh\u00edculos. Cinthya Gallegos, entusiasta de los autos cl\u00e1sicos, comparti\u00f3 su experiencia.<\/p>\n\n\n\n<p>\u201cPara los que estamos interesados en mejorar nuestros autos, es una oportunidad perfecta para ver tendencias, ideas y conocer proveedores. A m\u00ed me encantan las camionetas cl\u00e1sicas, y aqu\u00ed siempre encuentro inspiraci\u00f3n para renovarlas\u201d, se\u00f1al\u00f3.<\/p>\n\n\n\n<p>Adem\u00e1s del espect\u00e1culo automotriz, la m\u00fasica en vivo y la oferta gastron\u00f3mica local a\u00f1adieron un atractivo especial, creando un ambiente festivo que cautiv\u00f3 a los asistentes de todas las edades.<\/p>\n\n\n\n<p>El CarFest 2025 reafirm\u00f3 su lugar como un evento emblem\u00e1tico para Nuevo Laredo, no solo por promover la cultura automotriz, sino tambi\u00e9n por fortalecer la convivencia familiar y proyectar a la ciudad como un destino din\u00e1mico para los turistas.<\/p>\n","protected":false},"excerpt":{"rendered":"<p>Por: Staff | #NuevoLaredo #Laredo #NLD #Tamaulipas El CarFest 2025, organizado por el Gobierno Municipal de Nuevo Laredo, super\u00f3 las expectativas al convocar a miles de personas en una jornada llena de adrenalina, m\u00fasica en vivo y sabores locales. El evento, que ya se ha consolidado como uno de los m\u00e1s esperados del a\u00f1o, reuni\u00f3 &hellip;<\/p>\n","protected":false},"author":1,"featured_media":15283,"comment_status":"open","ping_status":"open","sticky":false,"template":"","format":"standard","meta":{"footnotes":""},"categories":[38],"tags":[],"class_list":["post-15281","post","type-post","status-publish","format-standard","has-post-thumbnail","","category-nuevo-laredo"],"_links":{"self":[{"href":"https:\/\/www.radiointeractivo.com.mx\/index.php?rest_route=\/wp\/v2\/posts\/15281","targetHints":{"allow":["GET"]}}],"collection":[{"href":"https:\/\/www.radiointeractivo.com.mx\/index.php?rest_route=\/wp\/v2\/posts"}],"about":[{"href":"https:\/\/www.radiointeractivo.com.mx\/index.php?rest_route=\/wp\/v2\/types\/post"}],"author":[{"embeddable":true,"href":"https:\/\/www.radiointeractivo.com.mx\/index.php?rest_route=\/wp\/v2\/users\/1"}],"replies":[{"embeddable":true,"href":"https:\/\/www.radiointeractivo.com.mx\/index.php?rest_route=%2Fwp%2Fv2%2Fcomments&post=15281"}],"version-history":[{"count":1,"href":"https:\/\/www.radiointeractivo.com.mx\/index.php?rest_route=\/wp\/v2\/posts\/15281\/revisions"}],"predecessor-version":[{"id":15284,"href":"https:\/\/www.radiointeractivo.com.mx\/index.php?rest_route=\/wp\/v2\/posts\/15281\/revisions\/15284"}],"wp:featuredmedia":[{"embeddable":true,"href":"https:\/\/www.radiointeractivo.com.mx\/index.php?rest_route=\/wp\/v2\/media\/15283"}],"wp:attachment":[{"href":"https:\/\/www.radiointeractivo.com.mx\/index.php?rest_route=%2Fwp%2Fv2%2Fmedia&parent=15281"}],"wp:term":[{"taxonomy":"category","embeddable":true,"href":"https:\/\/www.radiointeractivo.com.mx\/index.php?rest_route=%2Fwp%2Fv2%2Fcategories&post=15281"},{"taxonomy":"post_tag","embeddable":true,"href":"https:\/\/www.radiointeractivo.com.mx\/index.php?rest_route=%2Fwp%2Fv2%2Ftags&post=15281"}],"curies":[{"name":"wp","href":"https:\/\/api.w.org\/{rel}","templated":true}]}}