{"id":15278,"date":"2025-03-30T21:07:08","date_gmt":"2025-03-31T02:07:08","guid":{"rendered":"https:\/\/www.radiointeractivo.com.mx\/?p=15278"},"modified":"2025-03-30T21:07:09","modified_gmt":"2025-03-31T02:07:09","slug":"carfest-2025-viven-miles-de-neolaredenses-una-fiesta-sobre-ruedas","status":"publish","type":"post","link":"https:\/\/www.radiointeractivo.com.mx\/?p=15278","title":{"rendered":"CARFEST 2025: VIVEN MILES DE NEOLAREDENSES UNA FIESTA SOBRE RUEDAS"},"content":{"rendered":"\n<figure class=\"wp-block-image size-large\"><img loading=\"lazy\" decoding=\"async\" width=\"1024\" height=\"683\" src=\"https:\/\/www.radiointeractivo.com.mx\/wp-content\/uploads\/2025\/03\/WhatsApp-Image-2025-03-29-at-10.13.54-PM-1-1024x683.jpeg\" alt=\"\" class=\"wp-image-15279\" srcset=\"https:\/\/www.radiointeractivo.com.mx\/wp-content\/uploads\/2025\/03\/WhatsApp-Image-2025-03-29-at-10.13.54-PM-1-1024x683.jpeg 1024w, https:\/\/www.radiointeractivo.com.mx\/wp-content\/uploads\/2025\/03\/WhatsApp-Image-2025-03-29-at-10.13.54-PM-1-300x200.jpeg 300w, https:\/\/www.radiointeractivo.com.mx\/wp-content\/uploads\/2025\/03\/WhatsApp-Image-2025-03-29-at-10.13.54-PM-1-768x512.jpeg 768w, https:\/\/www.radiointeractivo.com.mx\/wp-content\/uploads\/2025\/03\/WhatsApp-Image-2025-03-29-at-10.13.54-PM-1-1536x1024.jpeg 1536w, https:\/\/www.radiointeractivo.com.mx\/wp-content\/uploads\/2025\/03\/WhatsApp-Image-2025-03-29-at-10.13.54-PM-1.jpeg 1599w\" sizes=\"auto, (max-width: 1024px) 100vw, 1024px\" \/><\/figure>\n\n\n\n<p>Por: Staff | #NuevoLaredo #Laredo #NLD #Tamaulipas<\/p>\n\n\n\n<p>El rugido de los motores, el brillo de las carrocer\u00edas impecables, la presencia del restaurador m\u00e1s famoso del pa\u00eds, Effi Mu\u00f1iz y la emoci\u00f3n de miles de personas abarrotando el estacionamiento del Centro Cultural marcaron el \u00e9xito del CarFest 2025, un evento organizado por el Gobierno de Nuevo Laredo que convirti\u00f3 a la ciudad en la capital del automovilismo por un d\u00eda.<\/p>\n\n\n\n<p>Desde temprana hora, chicos y grandes llegaron al recinto donde los modelos antiguos de colecci\u00f3n, aut\u00e9nticas joyas sobre ruedas, hicieron suspirar a los nost\u00e1lgicos, mientras que los m\u00e1s j\u00f3venes vibraron con los coches modificados y motores alterados, que hicieron gala de su potencia con el rugido de sus autos.<\/p>\n\n\n\n<p>La secretaria de Desarrollo Econ\u00f3mico, Lorena Cavazos, en representaci\u00f3n de la alcaldesa Carmen Lilia Canturosas, destac\u00f3 la importancia de estos eventos para la ciudad.<\/p>\n\n\n\n<p>&#8220;Hoy es un d\u00eda de fiesta, porque Nuevo Laredo vive una nueva era de progreso y bienestar, y este CarFest es una muestra de ello; nos llena de emoci\u00f3n y entusiasmo ver a tantas familias reunidas, compartiendo su amor por el automovilismo en un ambiente sano, seguro y de paz social. Este tipo de eventos son los que fortalecen nuestra identidad y hacen de nuestra ciudad una tierra de oportunidades&#8221;, expres\u00f3.<\/p>\n\n\n\n<p>Uno de los momentos m\u00e1s esperados fue la participaci\u00f3n de Effi Mu\u00f1iz, considerado el mejor restaurador de camionetas cl\u00e1sicas del mundo, no solo mostr\u00f3 algunas de sus impecables creaciones, sino que tambi\u00e9n convivi\u00f3 con los asistentes, compartiendo consejos y secretos para mantener sus veh\u00edculos en perfecto estado. Su carisma y cercan\u00eda hicieron que m\u00e1s de uno se fuera a casa con un aut\u00f3grafo y una gran sonrisa.<\/p>\n\n\n\n<p>\u201cMuchas gracias al Gobierno de Nuevo Laredo por la invitaci\u00f3n, me da mucho gusto y me llev\u00e9 una gran sorpresa de ver tanta gente entusiasta, de ver tantos carros, camionetas que participan, quiero que disfruten el evento\u201d, destac\u00f3 Effi.<\/p>\n\n\n\n<p>Mu\u00f1iz, junto a representantes del Gobierno Municipal, entregaron reconocimiento a los 100 mejores autos expuestos en este festival.<\/p>\n\n\n\n<p>El evento no solo fue un deleite para los amantes del automovilismo, sino tambi\u00e9n para quienes disfrutan de la m\u00fasica, la gastronom\u00eda y las buenas experiencias. Bandas locales como Rocket Dolls y Don\u2019t Take it for Granted, as\u00ed como la presentaci\u00f3n estelar de Steel Angel, Los Kombo Lokos y Club Aut\u00e9ntico Carnaval pusieron a bailar a los asistentes, creando un ambiente festivo que se extendi\u00f3 durante todo el d\u00eda.<\/p>\n\n\n\n<p>Los aromas de la gastronom\u00eda local se mezclaron con el aire lleno de adrenalina, gracias a la presencia de reconocidos restaurantes que ofrecieron sus mejores platillos. Los visitantes tambi\u00e9n pudieron adquirir piezas exclusivas, memorabilia y productos automotrices \u00fanicos, adem\u00e1s de apoyar a los emprendedores locales que exhibieron sus creaciones en el lugar.<\/p>\n\n\n\n<p>El CarFest 2025 no solo dej\u00f3 en claro que en Nuevo Laredo el automovilismo es una pasi\u00f3n que se comparte en familia, sino que tambi\u00e9n demostr\u00f3 que la ciudad est\u00e1 lista para recibir eventos de gran nivel. Entre el rugir de los motores, el ritmo de la m\u00fasica y el sabor de la cocina local, los asistentes vivieron un festival que se ha vuelto una verdadera tradici\u00f3n.<\/p>\n","protected":false},"excerpt":{"rendered":"<p>Por: Staff | #NuevoLaredo #Laredo #NLD #Tamaulipas El rugido de los motores, el brillo de las carrocer\u00edas impecables, la presencia del restaurador m\u00e1s famoso del pa\u00eds, Effi Mu\u00f1iz y la emoci\u00f3n de miles de personas abarrotando el estacionamiento del Centro Cultural marcaron el \u00e9xito del CarFest 2025, un evento organizado por el Gobierno de Nuevo &hellip;<\/p>\n","protected":false},"author":1,"featured_media":15279,"comment_status":"open","ping_status":"open","sticky":false,"template":"","format":"standard","meta":{"footnotes":""},"categories":[38],"tags":[],"class_list":["post-15278","post","type-post","status-publish","format-standard","has-post-thumbnail","","category-nuevo-laredo"],"_links":{"self":[{"href":"https:\/\/www.radiointeractivo.com.mx\/index.php?rest_route=\/wp\/v2\/posts\/15278","targetHints":{"allow":["GET"]}}],"collection":[{"href":"https:\/\/www.radiointeractivo.com.mx\/index.php?rest_route=\/wp\/v2\/posts"}],"about":[{"href":"https:\/\/www.radiointeractivo.com.mx\/index.php?rest_route=\/wp\/v2\/types\/post"}],"author":[{"embeddable":true,"href":"https:\/\/www.radiointeractivo.com.mx\/index.php?rest_route=\/wp\/v2\/users\/1"}],"replies":[{"embeddable":true,"href":"https:\/\/www.radiointeractivo.com.mx\/index.php?rest_route=%2Fwp%2Fv2%2Fcomments&post=15278"}],"version-history":[{"count":1,"href":"https:\/\/www.radiointeractivo.com.mx\/index.php?rest_route=\/wp\/v2\/posts\/15278\/revisions"}],"predecessor-version":[{"id":15280,"href":"https:\/\/www.radiointeractivo.com.mx\/index.php?rest_route=\/wp\/v2\/posts\/15278\/revisions\/15280"}],"wp:featuredmedia":[{"embeddable":true,"href":"https:\/\/www.radiointeractivo.com.mx\/index.php?rest_route=\/wp\/v2\/media\/15279"}],"wp:attachment":[{"href":"https:\/\/www.radiointeractivo.com.mx\/index.php?rest_route=%2Fwp%2Fv2%2Fmedia&parent=15278"}],"wp:term":[{"taxonomy":"category","embeddable":true,"href":"https:\/\/www.radiointeractivo.com.mx\/index.php?rest_route=%2Fwp%2Fv2%2Fcategories&post=15278"},{"taxonomy":"post_tag","embeddable":true,"href":"https:\/\/www.radiointeractivo.com.mx\/index.php?rest_route=%2Fwp%2Fv2%2Ftags&post=15278"}],"curies":[{"name":"wp","href":"https:\/\/api.w.org\/{rel}","templated":true}]}}