{"id":15269,"date":"2025-03-28T19:27:51","date_gmt":"2025-03-29T00:27:51","guid":{"rendered":"https:\/\/www.radiointeractivo.com.mx\/?p=15269"},"modified":"2025-03-28T19:27:52","modified_gmt":"2025-03-29T00:27:52","slug":"reporta-proteccion-civil-que-nuevo-laredo-mantiene-saldo-blanco-tras-fuerte-tormenta","status":"publish","type":"post","link":"https:\/\/www.radiointeractivo.com.mx\/?p=15269","title":{"rendered":"REPORTA PROTECCI\u00d3N CIVIL QUE NUEVO LAREDO MANTIENE SALDO BLANCO TRAS FUERTE TORMENTA"},"content":{"rendered":"\n<figure class=\"wp-block-image size-large\"><img loading=\"lazy\" decoding=\"async\" width=\"1024\" height=\"682\" src=\"https:\/\/www.radiointeractivo.com.mx\/wp-content\/uploads\/2025\/03\/WhatsApp-Image-2025-03-28-at-2.00.07-PM-1024x682.jpeg\" alt=\"\" class=\"wp-image-15270\" srcset=\"https:\/\/www.radiointeractivo.com.mx\/wp-content\/uploads\/2025\/03\/WhatsApp-Image-2025-03-28-at-2.00.07-PM-1024x682.jpeg 1024w, https:\/\/www.radiointeractivo.com.mx\/wp-content\/uploads\/2025\/03\/WhatsApp-Image-2025-03-28-at-2.00.07-PM-300x200.jpeg 300w, https:\/\/www.radiointeractivo.com.mx\/wp-content\/uploads\/2025\/03\/WhatsApp-Image-2025-03-28-at-2.00.07-PM-768x512.jpeg 768w, https:\/\/www.radiointeractivo.com.mx\/wp-content\/uploads\/2025\/03\/WhatsApp-Image-2025-03-28-at-2.00.07-PM-310x205.jpeg 310w, https:\/\/www.radiointeractivo.com.mx\/wp-content\/uploads\/2025\/03\/WhatsApp-Image-2025-03-28-at-2.00.07-PM.jpeg 1280w\" sizes=\"auto, (max-width: 1024px) 100vw, 1024px\" \/><\/figure>\n\n\n\n<p>Por: Staff | #NuevoLaredo #Laredo #NLD #Tamaulipas<\/p>\n\n\n\n<p>Humberto Fern\u00e1ndez Diez de Pinos, director de Protecci\u00f3n Civil de Nuevo Laredo, inform\u00f3 que, afortunadamente, la ciudad ha superado sin mayores incidentes la fuerte tormenta que afect\u00f3 la ciudad en las \u00faltimas horas.<\/p>\n\n\n\n<p>Durante el fen\u00f3meno meteorol\u00f3gico, se registraron lluvias puntuales acompa\u00f1adas de tormentas dispersas y actividad el\u00e9ctrica.<\/p>\n\n\n\n<p>En un lapso de 45 minutos, se reportaron 4.2 pulgadas de lluvia. Sin embargo, a pesar de la intensidad de la tormenta, no se presentaron situaciones de alto riesgo.<\/p>\n\n\n\n<p>El director de Protecci\u00f3n Civil detall\u00f3 que hubo siete veh\u00edculos varados, los cuales fueron atendidos oportunamente por el personal de la dependencia.<\/p>\n\n\n\n<p>Adem\u00e1s, se recibieron dos reportes de \u00e1rboles ca\u00eddos, los cuales fueron removidos r\u00e1pidamente, sin que se presentaran afectaciones graves.<\/p>\n\n\n\n<p>\u201cConcluimos con saldo blanco y seguimos trabajando en la revisi\u00f3n de posibles da\u00f1os que haya dejado la tormenta\u201d, destac\u00f3 Fern\u00e1ndez Diez de Pinos, quien a\u00f1adi\u00f3 que se implement\u00f3 un operativo de vigilancia para garantizar la seguridad y el apoyo a la ciudadan\u00eda.<\/p>\n\n\n\n<p>Respecto a la infraestructura urbana, los sistemas hidr\u00e1ulicos de la ciudad funcionaron correctamente.<\/p>\n\n\n\n<p>Los canales de drenaje alcanzaron un 35% de su capacidad, lo que permiti\u00f3 un adecuado flujo del agua y evit\u00f3 inundaciones.<\/p>\n\n\n\n<p>Las vialidades se mantuvieron operativas, y solo se cerr\u00f3 temporalmente el paso a desnivel de An\u00e1huac para activar dos bombas, siendo reabierto al tr\u00e1fico en una hora y media.<\/p>\n\n\n\n<p>\u201cEste evento meteorol\u00f3gico nos permiti\u00f3 constatar que los sistemas de drenaje y las medidas preventivas est\u00e1n funcionando adecuadamente, lo que contribuy\u00f3 a la rapidez en la atenci\u00f3n y a la mitigaci\u00f3n de riesgos\u201d, concluy\u00f3 Fern\u00e1ndez Diez de Pinos.<\/p>\n\n\n\n<p>Protecci\u00f3n Civil continuar\u00e1 monitoreando las condiciones clim\u00e1ticas y reforzando las medidas de prevenci\u00f3n para garantizar la seguridad de los habitantes de Nuevo Laredo.<\/p>\n","protected":false},"excerpt":{"rendered":"<p>Por: Staff | #NuevoLaredo #Laredo #NLD #Tamaulipas Humberto Fern\u00e1ndez Diez de Pinos, director de Protecci\u00f3n Civil de Nuevo Laredo, inform\u00f3 que, afortunadamente, la ciudad ha superado sin mayores incidentes la fuerte tormenta que afect\u00f3 la ciudad en las \u00faltimas horas. Durante el fen\u00f3meno meteorol\u00f3gico, se registraron lluvias puntuales acompa\u00f1adas de tormentas dispersas y actividad el\u00e9ctrica. &hellip;<\/p>\n","protected":false},"author":1,"featured_media":15270,"comment_status":"open","ping_status":"open","sticky":false,"template":"","format":"standard","meta":{"footnotes":""},"categories":[38],"tags":[],"class_list":["post-15269","post","type-post","status-publish","format-standard","has-post-thumbnail","","category-nuevo-laredo"],"_links":{"self":[{"href":"https:\/\/www.radiointeractivo.com.mx\/index.php?rest_route=\/wp\/v2\/posts\/15269","targetHints":{"allow":["GET"]}}],"collection":[{"href":"https:\/\/www.radiointeractivo.com.mx\/index.php?rest_route=\/wp\/v2\/posts"}],"about":[{"href":"https:\/\/www.radiointeractivo.com.mx\/index.php?rest_route=\/wp\/v2\/types\/post"}],"author":[{"embeddable":true,"href":"https:\/\/www.radiointeractivo.com.mx\/index.php?rest_route=\/wp\/v2\/users\/1"}],"replies":[{"embeddable":true,"href":"https:\/\/www.radiointeractivo.com.mx\/index.php?rest_route=%2Fwp%2Fv2%2Fcomments&post=15269"}],"version-history":[{"count":1,"href":"https:\/\/www.radiointeractivo.com.mx\/index.php?rest_route=\/wp\/v2\/posts\/15269\/revisions"}],"predecessor-version":[{"id":15271,"href":"https:\/\/www.radiointeractivo.com.mx\/index.php?rest_route=\/wp\/v2\/posts\/15269\/revisions\/15271"}],"wp:featuredmedia":[{"embeddable":true,"href":"https:\/\/www.radiointeractivo.com.mx\/index.php?rest_route=\/wp\/v2\/media\/15270"}],"wp:attachment":[{"href":"https:\/\/www.radiointeractivo.com.mx\/index.php?rest_route=%2Fwp%2Fv2%2Fmedia&parent=15269"}],"wp:term":[{"taxonomy":"category","embeddable":true,"href":"https:\/\/www.radiointeractivo.com.mx\/index.php?rest_route=%2Fwp%2Fv2%2Fcategories&post=15269"},{"taxonomy":"post_tag","embeddable":true,"href":"https:\/\/www.radiointeractivo.com.mx\/index.php?rest_route=%2Fwp%2Fv2%2Ftags&post=15269"}],"curies":[{"name":"wp","href":"https:\/\/api.w.org\/{rel}","templated":true}]}}