{"id":15262,"date":"2025-03-28T07:52:41","date_gmt":"2025-03-28T12:52:41","guid":{"rendered":"https:\/\/www.radiointeractivo.com.mx\/?p=15262"},"modified":"2025-03-28T07:52:42","modified_gmt":"2025-03-28T12:52:42","slug":"registran-avance-del-60-trabajos-de-ampliacion-del-bulevar-jose-lopez-portillo-en-ciudad-victoria","status":"publish","type":"post","link":"https:\/\/www.radiointeractivo.com.mx\/?p=15262","title":{"rendered":"Registran avance del 60 % trabajos de ampliaci\u00f3n del bulevar Jos\u00e9 L\u00f3pez Portillo en Ciudad Victoria"},"content":{"rendered":"\n<figure class=\"wp-block-image size-large\"><img loading=\"lazy\" decoding=\"async\" width=\"1024\" height=\"682\" src=\"https:\/\/www.radiointeractivo.com.mx\/wp-content\/uploads\/2025\/03\/WhatsApp-Image-2025-03-27-at-5.53.48-PM-1024x682.jpeg\" alt=\"\" class=\"wp-image-15263\" srcset=\"https:\/\/www.radiointeractivo.com.mx\/wp-content\/uploads\/2025\/03\/WhatsApp-Image-2025-03-27-at-5.53.48-PM-1024x682.jpeg 1024w, https:\/\/www.radiointeractivo.com.mx\/wp-content\/uploads\/2025\/03\/WhatsApp-Image-2025-03-27-at-5.53.48-PM-300x200.jpeg 300w, https:\/\/www.radiointeractivo.com.mx\/wp-content\/uploads\/2025\/03\/WhatsApp-Image-2025-03-27-at-5.53.48-PM-768x512.jpeg 768w, https:\/\/www.radiointeractivo.com.mx\/wp-content\/uploads\/2025\/03\/WhatsApp-Image-2025-03-27-at-5.53.48-PM-1536x1023.jpeg 1536w, https:\/\/www.radiointeractivo.com.mx\/wp-content\/uploads\/2025\/03\/WhatsApp-Image-2025-03-27-at-5.53.48-PM-310x205.jpeg 310w, https:\/\/www.radiointeractivo.com.mx\/wp-content\/uploads\/2025\/03\/WhatsApp-Image-2025-03-27-at-5.53.48-PM.jpeg 1600w\" sizes=\"auto, (max-width: 1024px) 100vw, 1024px\" \/><\/figure>\n\n\n\n<p>Por: Agencias<\/p>\n\n\n\n<p>Ciudad Victoria, Tamaulipas.\u2013 La obra de ampliaci\u00f3n del bulevar Jos\u00e9 L\u00f3pez Portillo, en el tramo comprendido entre el bulevar Fidel Vel\u00e1zquez y la avenida Carlos Adri\u00e1n Avil\u00e9s, en la capital tamaulipeca, registra un avance del 60 por ciento.<\/p>\n\n\n\n<p>El gobernador Am\u00e9rico Villarreal Anaya realiz\u00f3 un recorrido de supervisi\u00f3n acompa\u00f1ado por el secretario de Obras P\u00fablicas, Pedro Cepeda Anaya, quien le inform\u00f3 sobre los avances de esta importante vialidad. Destac\u00f3 que, en su primera etapa, la obra contar\u00e1 con una inversi\u00f3n superior a los 112 millones de pesos.<\/p>\n\n\n\n<p>El funcionario detall\u00f3 que el proyecto contempla 1,180 metros lineales, dos cuerpos de 10.50 metros de ancho cada uno, ciclov\u00eda de dos metros con franja de protecci\u00f3n, camell\u00f3n central de 4.2 metros, guarniciones y banquetas, alumbrado p\u00fablico, se\u00f1alizaci\u00f3n, revestimiento de taludes y trabajos de jardiner\u00eda.<\/p>\n\n\n\n<p>Con esta obra, explic\u00f3, el gobierno estatal reafirma su compromiso con las y los habitantes de la capital, al fortalecer, ampliar y modernizar la infraestructura vial para mejorar su calidad de vida.<\/p>\n","protected":false},"excerpt":{"rendered":"<p>Por: Agencias Ciudad Victoria, Tamaulipas.\u2013 La obra de ampliaci\u00f3n del bulevar Jos\u00e9 L\u00f3pez Portillo, en el tramo comprendido entre el bulevar Fidel Vel\u00e1zquez y la avenida Carlos Adri\u00e1n Avil\u00e9s, en la capital tamaulipeca, registra un avance del 60 por ciento. El gobernador Am\u00e9rico Villarreal Anaya realiz\u00f3 un recorrido de supervisi\u00f3n acompa\u00f1ado por el secretario de &hellip;<\/p>\n","protected":false},"author":1,"featured_media":15263,"comment_status":"open","ping_status":"open","sticky":false,"template":"","format":"standard","meta":{"footnotes":""},"categories":[39],"tags":[],"class_list":["post-15262","post","type-post","status-publish","format-standard","has-post-thumbnail","","category-tamaulipas"],"_links":{"self":[{"href":"https:\/\/www.radiointeractivo.com.mx\/index.php?rest_route=\/wp\/v2\/posts\/15262","targetHints":{"allow":["GET"]}}],"collection":[{"href":"https:\/\/www.radiointeractivo.com.mx\/index.php?rest_route=\/wp\/v2\/posts"}],"about":[{"href":"https:\/\/www.radiointeractivo.com.mx\/index.php?rest_route=\/wp\/v2\/types\/post"}],"author":[{"embeddable":true,"href":"https:\/\/www.radiointeractivo.com.mx\/index.php?rest_route=\/wp\/v2\/users\/1"}],"replies":[{"embeddable":true,"href":"https:\/\/www.radiointeractivo.com.mx\/index.php?rest_route=%2Fwp%2Fv2%2Fcomments&post=15262"}],"version-history":[{"count":1,"href":"https:\/\/www.radiointeractivo.com.mx\/index.php?rest_route=\/wp\/v2\/posts\/15262\/revisions"}],"predecessor-version":[{"id":15264,"href":"https:\/\/www.radiointeractivo.com.mx\/index.php?rest_route=\/wp\/v2\/posts\/15262\/revisions\/15264"}],"wp:featuredmedia":[{"embeddable":true,"href":"https:\/\/www.radiointeractivo.com.mx\/index.php?rest_route=\/wp\/v2\/media\/15263"}],"wp:attachment":[{"href":"https:\/\/www.radiointeractivo.com.mx\/index.php?rest_route=%2Fwp%2Fv2%2Fmedia&parent=15262"}],"wp:term":[{"taxonomy":"category","embeddable":true,"href":"https:\/\/www.radiointeractivo.com.mx\/index.php?rest_route=%2Fwp%2Fv2%2Fcategories&post=15262"},{"taxonomy":"post_tag","embeddable":true,"href":"https:\/\/www.radiointeractivo.com.mx\/index.php?rest_route=%2Fwp%2Fv2%2Ftags&post=15262"}],"curies":[{"name":"wp","href":"https:\/\/api.w.org\/{rel}","templated":true}]}}