{"id":15256,"date":"2025-03-28T07:48:40","date_gmt":"2025-03-28T12:48:40","guid":{"rendered":"https:\/\/www.radiointeractivo.com.mx\/?p=15256"},"modified":"2025-03-28T07:48:41","modified_gmt":"2025-03-28T12:48:41","slug":"tamaulipas-se-une-a-la-campana-nacional-de-prevencion-del-suicidio","status":"publish","type":"post","link":"https:\/\/www.radiointeractivo.com.mx\/?p=15256","title":{"rendered":"Tamaulipas se une a la Campa\u00f1a Nacional de Prevenci\u00f3n del Suicidio"},"content":{"rendered":"\n<figure class=\"wp-block-image size-large\"><img loading=\"lazy\" decoding=\"async\" width=\"1024\" height=\"682\" src=\"https:\/\/www.radiointeractivo.com.mx\/wp-content\/uploads\/2025\/03\/WhatsApp-Image-2025-03-27-at-6.54.11-PM-1024x682.jpeg\" alt=\"\" class=\"wp-image-15257\" srcset=\"https:\/\/www.radiointeractivo.com.mx\/wp-content\/uploads\/2025\/03\/WhatsApp-Image-2025-03-27-at-6.54.11-PM-1024x682.jpeg 1024w, https:\/\/www.radiointeractivo.com.mx\/wp-content\/uploads\/2025\/03\/WhatsApp-Image-2025-03-27-at-6.54.11-PM-300x200.jpeg 300w, https:\/\/www.radiointeractivo.com.mx\/wp-content\/uploads\/2025\/03\/WhatsApp-Image-2025-03-27-at-6.54.11-PM-768x512.jpeg 768w, https:\/\/www.radiointeractivo.com.mx\/wp-content\/uploads\/2025\/03\/WhatsApp-Image-2025-03-27-at-6.54.11-PM-1536x1023.jpeg 1536w, https:\/\/www.radiointeractivo.com.mx\/wp-content\/uploads\/2025\/03\/WhatsApp-Image-2025-03-27-at-6.54.11-PM-310x205.jpeg 310w, https:\/\/www.radiointeractivo.com.mx\/wp-content\/uploads\/2025\/03\/WhatsApp-Image-2025-03-27-at-6.54.11-PM.jpeg 1600w\" sizes=\"auto, (max-width: 1024px) 100vw, 1024px\" \/><\/figure>\n\n\n\n<p>Por: Agencias<\/p>\n\n\n\n<p>Ciudad Victoria, Tamaulipas.- El gobierno del doctor Am\u00e9rico Villarreal Anaya se suma a la Campa\u00f1a Nacional de Prevenci\u00f3n del Suicidio &#8220;Dale color a tu vida&#8221;, cuyo lanzamiento oficial se realizar\u00e1 este 28 de marzo.<\/p>\n\n\n\n<p>El secretario de Salud, Vicente Joel Hern\u00e1ndez Navarro, inform\u00f3 que a trav\u00e9s del Departamento de Salud Mental y Adicciones, se impulsar\u00e1 esta iniciativa de la presidenta Claudia Sheinbaum Pardo, la cual tiene como finalidad generar conciencia y promover acciones interinstitucionales que promuevan y aborden este problema de salud p\u00fablica.<\/p>\n\n\n\n<p>\u201cEsta campa\u00f1a preventiva busca fortalecer el bienestar mental de la sociedad y se enfoca a reducir el estigma en torno a esta problem\u00e1tica en la que se fomenta la b\u00fasqueda de ayuda a quien se encuentre frente a este tipo de procedimientos que afectan la salud y la vida del individuo\u201d, se\u00f1al\u00f3 Hern\u00e1ndez Navarro.<\/p>\n\n\n\n<p>Con la participaci\u00f3n y coordinaci\u00f3n de diferentes dependencias de la entidad, se realizar\u00e1n actividades de prevenci\u00f3n con la sociedad para incorporarla en estas acciones que promueven el tema del suicidio sin temor, ni estigmas y ofrecer apoyo a quienes lo necesiten; tambi\u00e9n se trabajar\u00e1 en planteles educativos para otorgar informaci\u00f3n sobre las se\u00f1ales de advertencia del suicidio y se proporcionar\u00e1n las herramientas necesarias para identificar a personas en riesgo, as\u00ed como se aplicar\u00e1n tamizajes de salud mental.<\/p>\n\n\n\n<p>En Tamaulipas, en el 2024 se realizaron cerca de 900 pl\u00e1ticas de prevenci\u00f3n del suicidio a 328 escuelas, impactando a m\u00e1s de 30 mil alumnos; se otorgaron 217 consultas a trav\u00e9s del programa de Tratamiento de Atenci\u00f3n al Comportamiento de Autolesi\u00f3n y Suicidio en los UNEME CECOSAMA (Centros Comunitarios de Salud Mental y Adicciones).<\/p>\n\n\n\n<p>Cabe mencionar que el lanzamiento oficial de la campa\u00f1a se llevar\u00e1 a cabo este viernes 28 de marzo a las 11:00 horas y la transmisi\u00f3n en vivo estar\u00e1 disponible a trav\u00e9s del Facebook oficial de la Comisi\u00f3n Nacional de Salud Mental y Adicciones (CONASAMA).<\/p>\n","protected":false},"excerpt":{"rendered":"<p>Por: Agencias Ciudad Victoria, Tamaulipas.- El gobierno del doctor Am\u00e9rico Villarreal Anaya se suma a la Campa\u00f1a Nacional de Prevenci\u00f3n del Suicidio &#8220;Dale color a tu vida&#8221;, cuyo lanzamiento oficial se realizar\u00e1 este 28 de marzo. El secretario de Salud, Vicente Joel Hern\u00e1ndez Navarro, inform\u00f3 que a trav\u00e9s del Departamento de Salud Mental y Adicciones, &hellip;<\/p>\n","protected":false},"author":1,"featured_media":15257,"comment_status":"open","ping_status":"open","sticky":false,"template":"","format":"standard","meta":{"footnotes":""},"categories":[39],"tags":[],"class_list":["post-15256","post","type-post","status-publish","format-standard","has-post-thumbnail","","category-tamaulipas"],"_links":{"self":[{"href":"https:\/\/www.radiointeractivo.com.mx\/index.php?rest_route=\/wp\/v2\/posts\/15256","targetHints":{"allow":["GET"]}}],"collection":[{"href":"https:\/\/www.radiointeractivo.com.mx\/index.php?rest_route=\/wp\/v2\/posts"}],"about":[{"href":"https:\/\/www.radiointeractivo.com.mx\/index.php?rest_route=\/wp\/v2\/types\/post"}],"author":[{"embeddable":true,"href":"https:\/\/www.radiointeractivo.com.mx\/index.php?rest_route=\/wp\/v2\/users\/1"}],"replies":[{"embeddable":true,"href":"https:\/\/www.radiointeractivo.com.mx\/index.php?rest_route=%2Fwp%2Fv2%2Fcomments&post=15256"}],"version-history":[{"count":1,"href":"https:\/\/www.radiointeractivo.com.mx\/index.php?rest_route=\/wp\/v2\/posts\/15256\/revisions"}],"predecessor-version":[{"id":15258,"href":"https:\/\/www.radiointeractivo.com.mx\/index.php?rest_route=\/wp\/v2\/posts\/15256\/revisions\/15258"}],"wp:featuredmedia":[{"embeddable":true,"href":"https:\/\/www.radiointeractivo.com.mx\/index.php?rest_route=\/wp\/v2\/media\/15257"}],"wp:attachment":[{"href":"https:\/\/www.radiointeractivo.com.mx\/index.php?rest_route=%2Fwp%2Fv2%2Fmedia&parent=15256"}],"wp:term":[{"taxonomy":"category","embeddable":true,"href":"https:\/\/www.radiointeractivo.com.mx\/index.php?rest_route=%2Fwp%2Fv2%2Fcategories&post=15256"},{"taxonomy":"post_tag","embeddable":true,"href":"https:\/\/www.radiointeractivo.com.mx\/index.php?rest_route=%2Fwp%2Fv2%2Ftags&post=15256"}],"curies":[{"name":"wp","href":"https:\/\/api.w.org\/{rel}","templated":true}]}}